{"id":1303,"date":"2015-04-24T07:58:43","date_gmt":"2015-04-24T10:58:43","guid":{"rendered":"http:\/\/ultimato.com.br\/sites\/fatosecorrelatos\/?p=1303"},"modified":"2015-04-24T07:58:43","modified_gmt":"2015-04-24T10:58:43","slug":"caminho-estreito","status":"publish","type":"post","link":"https:\/\/ultimato.com.br\/sites\/fatosecorrelatos\/2015\/04\/24\/caminho-estreito\/","title":{"rendered":"Caminho estreito"},"content":{"rendered":"<p>O caminho era estreito, mas dava numa grande campina, com um horizonte verde dourado e um vento incessante. No in\u00edcio da caminhada, me falaram mesmo que encontrar\u00edamos a campina. Mesmo assim a esperan\u00e7a estava apenas no fundo, como reserva para quando o medo do desfiladeiro fosse mais forte.<\/p>\n<p>O caminho era estreito, sim. Poucos andavam por ele. Mas quem sinceramente por ele passava n\u00e3o se alegrava com o fato. Ao contr\u00e1rio, para quem sofre com a caminhada, a solid\u00e3o s\u00f3 piora.<\/p>\n<p>O caminho era estreito. N\u00e3o havia espa\u00e7o para idealiza\u00e7\u00f5es. Cada passo era uma vit\u00f3ria.\u00a0 Cada quil\u00f4metro percorrido era como que uma confirma\u00e7\u00e3o: &#8220;voc\u00ea est\u00e1 na dire\u00e7\u00e3o certa&#8221;. O mais incr\u00edvel era isso: a esperan\u00e7a que era pequena no in\u00edcio, foi ganhando for\u00e7a at\u00e9 o final.<\/p>\n<p>O caminho era estreito. Mas a experi\u00eancia da jornada preencheu todo o meu ser. A presen\u00e7a do Companheiro fez de mim um peregrino melhor, mais justo, mais\u00a0 compassivo e com um olhar mais decidido.<\/p>\n<p>A quest\u00e3o n\u00e3o \u00e9 escolher entre as facilidades do caminho largo ou as dificuldades do caminho estreito. \u00c9 ouvir e confiar na voz de quem nos guia. E n\u00e3o se esque\u00e7a: a campina est\u00e1 no final.<\/p>\n","protected":false},"excerpt":{"rendered":"<p>O caminho era estreito, mas dava numa grande campina, com um horizonte verde dourado e um vento incessante. No in\u00edcio da caminhada, me falaram mesmo que encontrar\u00edamos a campina. Mesmo assim a esperan\u00e7a estava apenas no fundo, como reserva para quando o medo do desfiladeiro fosse mais forte. O caminho era estreito, sim. Poucos andavam [&hellip;]<\/p>\n","protected":false},"author":12,"featured_media":0,"comment_status":"open","ping_status":"open","sticky":false,"template":"","format":"standard","meta":{"ngg_post_thumbnail":0,"footnotes":""},"categories":[7654],"tags":[7603],"class_list":["post-1303","post","type-post","status-publish","format-standard","hentry","category-cronicas","tag-cronicas-do-cotidiano"],"_links":{"self":[{"href":"https:\/\/ultimato.com.br\/sites\/fatosecorrelatos\/wp-json\/wp\/v2\/posts\/1303","targetHints":{"allow":["GET"]}}],"collection":[{"href":"https:\/\/ultimato.com.br\/sites\/fatosecorrelatos\/wp-json\/wp\/v2\/posts"}],"about":[{"href":"https:\/\/ultimato.com.br\/sites\/fatosecorrelatos\/wp-json\/wp\/v2\/types\/post"}],"author":[{"embeddable":true,"href":"https:\/\/ultimato.com.br\/sites\/fatosecorrelatos\/wp-json\/wp\/v2\/users\/12"}],"replies":[{"embeddable":true,"href":"https:\/\/ultimato.com.br\/sites\/fatosecorrelatos\/wp-json\/wp\/v2\/comments?post=1303"}],"version-history":[{"count":1,"href":"https:\/\/ultimato.com.br\/sites\/fatosecorrelatos\/wp-json\/wp\/v2\/posts\/1303\/revisions"}],"predecessor-version":[{"id":1304,"href":"https:\/\/ultimato.com.br\/sites\/fatosecorrelatos\/wp-json\/wp\/v2\/posts\/1303\/revisions\/1304"}],"wp:attachment":[{"href":"https:\/\/ultimato.com.br\/sites\/fatosecorrelatos\/wp-json\/wp\/v2\/media?parent=1303"}],"wp:term":[{"taxonomy":"category","embeddable":true,"href":"https:\/\/ultimato.com.br\/sites\/fatosecorrelatos\/wp-json\/wp\/v2\/categories?post=1303"},{"taxonomy":"post_tag","embeddable":true,"href":"https:\/\/ultimato.com.br\/sites\/fatosecorrelatos\/wp-json\/wp\/v2\/tags?post=1303"}],"curies":[{"name":"wp","href":"https:\/\/api.w.org\/{rel}","templated":true}]}}