{"id":13,"date":"2005-07-06T23:31:00","date_gmt":"2005-07-07T02:31:00","guid":{"rendered":"http:\/\/ultimato.com.br\/sites\/fatosecorrelatos\/2005\/07\/06\/vale-a-pena-ser-forte\/"},"modified":"2010-09-26T18:27:48","modified_gmt":"2010-09-26T21:27:48","slug":"vale-a-pena-ser-forte","status":"publish","type":"post","link":"https:\/\/ultimato.com.br\/sites\/fatosecorrelatos\/2005\/07\/06\/vale-a-pena-ser-forte\/","title":{"rendered":"Vale a pena ser forte?"},"content":{"rendered":"<p>Estou meditando sobre o conceito de &#8220;forte&#8221;. Por que todos queremos ser fortes? Por que n\u00e3o descobrimos a beleza na fraqueza? Os fortes s\u00e3o mais verdadeiros que os fracos?<br \/>\nSei que parece loucura falar disso em um mundo capitalista, onde a l\u00f3gica \u00e9 a supremacia dos fortes sobre os fracos. Assim funciona a engrenagem do sistema atual.<br \/>\nMas quero pensar se vale a pena mostrar-se forte, se este \u00e9 o caminho certo para a redescoberta da humaniza\u00e7\u00e3o.<br \/>\n\u00c9 interessante pensar que nossa vis\u00e3o metaf\u00edsica tamb\u00e9m \u00e9 influenciada por esta &#8220;l\u00f3gica&#8221;. Em nossas mentes o racioc\u00ednio certo \u00e9: &#8220;Deus \u00e9 forte e, portanto, s\u00f3 os fortes o merecem, apenas os perfeitos podem alcan\u00e7\u00e1-lo&#8221;.<br \/>\nQuero dizer em alto e bom som que o Deus verdadeiro amou (e ama) os fracos, porque todos s\u00e3o fracos. O Deus verdadeiro se fez fraco para transformar a fraqueza humana em for\u00e7a. O Deus verdadeiro, na pessoa de Cristo, \u00e9 a divindade aproximada, sofredora, desarmada, mas que em momento algum perdeu sua soberania e poder. E atrav\u00e9s desse despojamento, Deus revelou que o caminho est\u00e1 livre para os fracos, os problem\u00e1ticos, os inseguros, os covardes, os incompetentes, os confusos, os viciados, os fracassados &#8230;<br \/>\nConvido todos n\u00f3s para tirarmos nossas m\u00e1scaras de fortes e mostrarmos nossas verdadeiras faces. Talvez, assim, descubramos quem realmente somos.<br \/>\nUm abra\u00e7o!<\/p>\n","protected":false},"excerpt":{"rendered":"<p>Estou meditando sobre o conceito de &#8220;forte&#8221;. Por que todos queremos ser fortes? Por que n\u00e3o descobrimos a beleza na fraqueza? Os fortes s\u00e3o mais verdadeiros que os fracos? Sei que parece loucura falar disso em um mundo capitalista, onde a l\u00f3gica \u00e9 a supremacia dos fortes sobre os fracos. Assim funciona a engrenagem do [&hellip;]<\/p>\n","protected":false},"author":12,"featured_media":0,"comment_status":"open","ping_status":"open","sticky":false,"template":"","format":"standard","meta":{"ngg_post_thumbnail":0,"footnotes":""},"categories":[114],"tags":[5444,7601],"class_list":["post-13","post","type-post","status-publish","format-standard","hentry","category-artigos","tag-deus","tag-humanidade"],"_links":{"self":[{"href":"https:\/\/ultimato.com.br\/sites\/fatosecorrelatos\/wp-json\/wp\/v2\/posts\/13","targetHints":{"allow":["GET"]}}],"collection":[{"href":"https:\/\/ultimato.com.br\/sites\/fatosecorrelatos\/wp-json\/wp\/v2\/posts"}],"about":[{"href":"https:\/\/ultimato.com.br\/sites\/fatosecorrelatos\/wp-json\/wp\/v2\/types\/post"}],"author":[{"embeddable":true,"href":"https:\/\/ultimato.com.br\/sites\/fatosecorrelatos\/wp-json\/wp\/v2\/users\/12"}],"replies":[{"embeddable":true,"href":"https:\/\/ultimato.com.br\/sites\/fatosecorrelatos\/wp-json\/wp\/v2\/comments?post=13"}],"version-history":[{"count":1,"href":"https:\/\/ultimato.com.br\/sites\/fatosecorrelatos\/wp-json\/wp\/v2\/posts\/13\/revisions"}],"predecessor-version":[{"id":371,"href":"https:\/\/ultimato.com.br\/sites\/fatosecorrelatos\/wp-json\/wp\/v2\/posts\/13\/revisions\/371"}],"wp:attachment":[{"href":"https:\/\/ultimato.com.br\/sites\/fatosecorrelatos\/wp-json\/wp\/v2\/media?parent=13"}],"wp:term":[{"taxonomy":"category","embeddable":true,"href":"https:\/\/ultimato.com.br\/sites\/fatosecorrelatos\/wp-json\/wp\/v2\/categories?post=13"},{"taxonomy":"post_tag","embeddable":true,"href":"https:\/\/ultimato.com.br\/sites\/fatosecorrelatos\/wp-json\/wp\/v2\/tags?post=13"}],"curies":[{"name":"wp","href":"https:\/\/api.w.org\/{rel}","templated":true}]}}