{"id":1284,"date":"2015-03-06T14:57:10","date_gmt":"2015-03-06T17:57:10","guid":{"rendered":"http:\/\/ultimato.com.br\/sites\/fatosecorrelatos\/?p=1284"},"modified":"2015-03-06T14:57:10","modified_gmt":"2015-03-06T17:57:10","slug":"sobre-a-vida-carta-a-um-amigo-aniversariante","status":"publish","type":"post","link":"https:\/\/ultimato.com.br\/sites\/fatosecorrelatos\/2015\/03\/06\/sobre-a-vida-carta-a-um-amigo-aniversariante\/","title":{"rendered":"Sobre a vida [carta a um amigo aniversariante]"},"content":{"rendered":"<p><strong>Querido amigo,<\/strong><\/p>\n<p>Sei que a vida \u00e9 uma dos principais personagens das suas cr\u00f4nicas. Por vezes, fugidia, por outras talvez ingrata, sei l\u00e1. Mas sei tamb\u00e9m que voc\u00ea tem esperan\u00e7a, seja l\u00e1 como ela apare\u00e7a a voc\u00ea neste dia.<\/p>\n<p>As reviravoltas desta vida graciosa nos fazem meio bobos, meio confusos, mas, sim, inteiramente humanos.<\/p>\n<p>Por ti oro hoje. Que voc\u00ea possa sorrir aquele sorriso que vem do cora\u00e7\u00e3o e da casa em que a f\u00e9 habita. S\u00f3 Deus e voc\u00ea sabem onde fica o endere\u00e7o desta f\u00e9.<\/p>\n<p>N\u00e3o rogo por vida longa, mas por vida bem vivida. O tempo, ah, este eu e voc\u00ea j\u00e1 sabemos que n\u00e3o d\u00e1 para controlar. Nem devemos. A gente quer mesmo \u00e9 ser embalado por ele nas esquinas do mundo. A gente quer mesmo \u00e9 ter a confian\u00e7a de que no outro lado da rua vamos encontrar quem realmente procuramos. Desde o in\u00edcio.<\/p>\n<p>Feliz anivers\u00e1rio!<\/p>\n<p>Com estima,<\/p>\n<p><strong>Liss\u00e2nder<\/strong><\/p>\n","protected":false},"excerpt":{"rendered":"<p>Querido amigo, Sei que a vida \u00e9 uma dos principais personagens das suas cr\u00f4nicas. Por vezes, fugidia, por outras talvez ingrata, sei l\u00e1. Mas sei tamb\u00e9m que voc\u00ea tem esperan\u00e7a, seja l\u00e1 como ela apare\u00e7a a voc\u00ea neste dia. As reviravoltas desta vida graciosa nos fazem meio bobos, meio confusos, mas, sim, inteiramente humanos. Por [&hellip;]<\/p>\n","protected":false},"author":24,"featured_media":0,"comment_status":"open","ping_status":"open","sticky":false,"template":"","format":"standard","meta":{"ngg_post_thumbnail":0,"footnotes":""},"categories":[7654],"tags":[7603,6095],"class_list":["post-1284","post","type-post","status-publish","format-standard","hentry","category-cronicas","tag-cronicas-do-cotidiano","tag-vida"],"_links":{"self":[{"href":"https:\/\/ultimato.com.br\/sites\/fatosecorrelatos\/wp-json\/wp\/v2\/posts\/1284","targetHints":{"allow":["GET"]}}],"collection":[{"href":"https:\/\/ultimato.com.br\/sites\/fatosecorrelatos\/wp-json\/wp\/v2\/posts"}],"about":[{"href":"https:\/\/ultimato.com.br\/sites\/fatosecorrelatos\/wp-json\/wp\/v2\/types\/post"}],"author":[{"embeddable":true,"href":"https:\/\/ultimato.com.br\/sites\/fatosecorrelatos\/wp-json\/wp\/v2\/users\/24"}],"replies":[{"embeddable":true,"href":"https:\/\/ultimato.com.br\/sites\/fatosecorrelatos\/wp-json\/wp\/v2\/comments?post=1284"}],"version-history":[{"count":1,"href":"https:\/\/ultimato.com.br\/sites\/fatosecorrelatos\/wp-json\/wp\/v2\/posts\/1284\/revisions"}],"predecessor-version":[{"id":1285,"href":"https:\/\/ultimato.com.br\/sites\/fatosecorrelatos\/wp-json\/wp\/v2\/posts\/1284\/revisions\/1285"}],"wp:attachment":[{"href":"https:\/\/ultimato.com.br\/sites\/fatosecorrelatos\/wp-json\/wp\/v2\/media?parent=1284"}],"wp:term":[{"taxonomy":"category","embeddable":true,"href":"https:\/\/ultimato.com.br\/sites\/fatosecorrelatos\/wp-json\/wp\/v2\/categories?post=1284"},{"taxonomy":"post_tag","embeddable":true,"href":"https:\/\/ultimato.com.br\/sites\/fatosecorrelatos\/wp-json\/wp\/v2\/tags?post=1284"}],"curies":[{"name":"wp","href":"https:\/\/api.w.org\/{rel}","templated":true}]}}