{"id":1282,"date":"2015-02-23T10:13:17","date_gmt":"2015-02-23T13:13:17","guid":{"rendered":"http:\/\/ultimato.com.br\/sites\/fatosecorrelatos\/?p=1282"},"modified":"2015-02-23T10:13:17","modified_gmt":"2015-02-23T13:13:17","slug":"o-amor-de-conceicao","status":"publish","type":"post","link":"https:\/\/ultimato.com.br\/sites\/fatosecorrelatos\/2015\/02\/23\/o-amor-de-conceicao\/","title":{"rendered":"O Amor de Concei\u00e7\u00e3o"},"content":{"rendered":"<div class=\"_5pbx userContent\" data-ft=\"{&quot;tn&quot;:&quot;K&quot;}\">\n<p>Bem-aventurado quem l\u00ea<br \/>\nas fatias do tempo com olhar de amor.<\/p>\n<p>Ela faz e ama.<\/p>\n<p>Sem elucubra\u00e7\u00f5es sofisticadas<br \/>\nSem condicionamentos<\/p>\n<p>Todo o alfabeto seria insuficiente<br \/>\ndiante de um \u00fanico gesto de amor seu<\/p>\n<p>O poeta \u00e9 um envergonhado.<br \/>\nDe tanto &#8220;versificar&#8221;<br \/>\nEm verso se transforma<\/p>\n<p>Mas eis que um dia ele se encontra<br \/>\nCom quem ama sem precisar fazer poema<br \/>\nE ent\u00e3o se pergunta:<br \/>\nO que \u00e9 um gr\u00e3o de poesia<br \/>\ndiante do infinito mar do amor de Concei\u00e7\u00e3o?<\/p>\n<p>&nbsp;<\/p>\n<p>&#8212; Para <a class=\"profileLink\" href=\"https:\/\/www.facebook.com\/conceicao.cyrilo\" data-hovercard=\"\/ajax\/hovercard\/user.php?id=100007789411352\"><span style=\"color: #0066cc;\">Concei\u00e7\u00e3o Cyrilo<\/span><\/a><\/p>\n<\/div>\n","protected":false},"excerpt":{"rendered":"<p>Bem-aventurado quem l\u00ea as fatias do tempo com olhar de amor. Ela faz e ama. Sem elucubra\u00e7\u00f5es sofisticadas Sem condicionamentos Todo o alfabeto seria insuficiente diante de um \u00fanico gesto de amor seu O poeta \u00e9 um envergonhado. De tanto &#8220;versificar&#8221; Em verso se transforma Mas eis que um dia ele se encontra Com quem [&hellip;]<\/p>\n","protected":false},"author":12,"featured_media":0,"comment_status":"open","ping_status":"open","sticky":false,"template":"","format":"standard","meta":{"ngg_post_thumbnail":0,"footnotes":""},"categories":[7655],"tags":[160],"class_list":["post-1282","post","type-post","status-publish","format-standard","hentry","category-poesias","tag-poesia"],"_links":{"self":[{"href":"https:\/\/ultimato.com.br\/sites\/fatosecorrelatos\/wp-json\/wp\/v2\/posts\/1282","targetHints":{"allow":["GET"]}}],"collection":[{"href":"https:\/\/ultimato.com.br\/sites\/fatosecorrelatos\/wp-json\/wp\/v2\/posts"}],"about":[{"href":"https:\/\/ultimato.com.br\/sites\/fatosecorrelatos\/wp-json\/wp\/v2\/types\/post"}],"author":[{"embeddable":true,"href":"https:\/\/ultimato.com.br\/sites\/fatosecorrelatos\/wp-json\/wp\/v2\/users\/12"}],"replies":[{"embeddable":true,"href":"https:\/\/ultimato.com.br\/sites\/fatosecorrelatos\/wp-json\/wp\/v2\/comments?post=1282"}],"version-history":[{"count":1,"href":"https:\/\/ultimato.com.br\/sites\/fatosecorrelatos\/wp-json\/wp\/v2\/posts\/1282\/revisions"}],"predecessor-version":[{"id":1283,"href":"https:\/\/ultimato.com.br\/sites\/fatosecorrelatos\/wp-json\/wp\/v2\/posts\/1282\/revisions\/1283"}],"wp:attachment":[{"href":"https:\/\/ultimato.com.br\/sites\/fatosecorrelatos\/wp-json\/wp\/v2\/media?parent=1282"}],"wp:term":[{"taxonomy":"category","embeddable":true,"href":"https:\/\/ultimato.com.br\/sites\/fatosecorrelatos\/wp-json\/wp\/v2\/categories?post=1282"},{"taxonomy":"post_tag","embeddable":true,"href":"https:\/\/ultimato.com.br\/sites\/fatosecorrelatos\/wp-json\/wp\/v2\/tags?post=1282"}],"curies":[{"name":"wp","href":"https:\/\/api.w.org\/{rel}","templated":true}]}}