{"id":1279,"date":"2015-01-15T15:54:59","date_gmt":"2015-01-15T18:54:59","guid":{"rendered":"http:\/\/ultimato.com.br\/sites\/fatosecorrelatos\/?p=1279"},"modified":"2015-01-15T15:54:59","modified_gmt":"2015-01-15T18:54:59","slug":"o-tempo-nao-me-assusta","status":"publish","type":"post","link":"https:\/\/ultimato.com.br\/sites\/fatosecorrelatos\/2015\/01\/15\/o-tempo-nao-me-assusta\/","title":{"rendered":"O tempo n\u00e3o me assusta"},"content":{"rendered":"<p>O tempo n\u00e3o me assusta. A trilha, no entanto, \u00e9 por demais estreita. Parece um filete de \u00e1gua na paisagem do deserto.<\/p>\n<p>Por vezes, a abund\u00e2ncia de est\u00edmulos e o prazer industrialmente fabricado tentam nos enganar. Nestas horas, pensamos: &#8220;ah, meu caminho n\u00e3o tem margens, posso seguir por qualquer dire\u00e7\u00e3o&#8221;. N\u00e3o nego certa verdade nisso, a julgar o anseio pela eternidade que carregamos dentro de n\u00f3s. Talvez seja isso a centelha de fogo que o pai e o filho carregavam no mundo devastado do romance &#8220;A Estrada&#8221;, de\u00a0Cormac McCarthy.<\/p>\n<p>Mesmo assim, parece t\u00e3o irrealista! A desordem que nos confunde, a injusti\u00e7a que nos subjuga, a guerra interior que nos enfraquece, o mal que nos assusta, o cora\u00e7\u00e3o humano que nos engana. A vida n\u00e3o \u00e9 um parque de divers\u00f5es, mesmo que haja fonte de alegria em nosso cora\u00e7\u00e3o. A vida n\u00e3o \u00e9 um para\u00edso, mesmo que possamos aprender a d\u00e1diva do contentamento.<\/p>\n<p>O tempo n\u00e3o me assusta. O que assombra \u00e9 o caminho e suas limita\u00e7\u00f5es. Limita\u00e7\u00f5es que se tornam evidentes quando completamos ciclos pessoais. Eu chego \u00e0 idade de 36 anos e ent\u00e3o me pergunto qual a validade dos anivers\u00e1rios. Sempre me senti estranho nestes dias, meio com vergonha, meio desconfiado dos &#8220;parab\u00e9ns&#8221;.<\/p>\n<p>Hoje me isolo para descobrir o significado de tudo isso. Encontro respostas &#8212; bem mais simples do que minhas elucubra\u00e7\u00f5es. Anivers\u00e1rios existem, n\u00e3o para\u00a0enchermos nossos quartos de presentes, mas para sermos convencidos do que realmente importa. A vida bate \u00e0 porta e pede para entrar. Ela entra, senta-se e conta a verdadeira hist\u00f3ria. N\u00f3s &#8212; ouvintes mais atentos que outros dias de outrora &#8212;\u00a0vivemos para que possamos aprender a viver ainda mais. Mesmo que a estreiteza do caminho pare\u00e7a morte, esta n\u00e3o \u00e9 definitiva. Se prestarmos bem aten\u00e7\u00e3o, ela n\u00e3o \u00e9 o fim. H\u00e1 mais vida na outra esquina.<\/p>\n<p>Chego aos 36 anos com a certeza de que poderia ter vivido melhor. Ainda posso. Meu \u00a0caminho \u00e9 vergonhosamente pequeno diante da riqueza da exist\u00eancia. Mas tenho o essencial. Este \u00e9 o meu presente. Esta \u00e9 a minha vida. Este \u00e9 o tempo que me foi dado. Por ele, agrade\u00e7o sinceramente.<\/p>\n<p>&nbsp;<\/p>\n","protected":false},"excerpt":{"rendered":"<p>O tempo n\u00e3o me assusta. A trilha, no entanto, \u00e9 por demais estreita. Parece um filete de \u00e1gua na paisagem do deserto. Por vezes, a abund\u00e2ncia de est\u00edmulos e o prazer industrialmente fabricado tentam nos enganar. Nestas horas, pensamos: &#8220;ah, meu caminho n\u00e3o tem margens, posso seguir por qualquer dire\u00e7\u00e3o&#8221;. N\u00e3o nego certa verdade nisso, [&hellip;]<\/p>\n","protected":false},"author":12,"featured_media":0,"comment_status":"open","ping_status":"open","sticky":false,"template":"","format":"standard","meta":{"ngg_post_thumbnail":0,"footnotes":""},"categories":[7654],"tags":[7603],"class_list":["post-1279","post","type-post","status-publish","format-standard","hentry","category-cronicas","tag-cronicas-do-cotidiano"],"_links":{"self":[{"href":"https:\/\/ultimato.com.br\/sites\/fatosecorrelatos\/wp-json\/wp\/v2\/posts\/1279","targetHints":{"allow":["GET"]}}],"collection":[{"href":"https:\/\/ultimato.com.br\/sites\/fatosecorrelatos\/wp-json\/wp\/v2\/posts"}],"about":[{"href":"https:\/\/ultimato.com.br\/sites\/fatosecorrelatos\/wp-json\/wp\/v2\/types\/post"}],"author":[{"embeddable":true,"href":"https:\/\/ultimato.com.br\/sites\/fatosecorrelatos\/wp-json\/wp\/v2\/users\/12"}],"replies":[{"embeddable":true,"href":"https:\/\/ultimato.com.br\/sites\/fatosecorrelatos\/wp-json\/wp\/v2\/comments?post=1279"}],"version-history":[{"count":1,"href":"https:\/\/ultimato.com.br\/sites\/fatosecorrelatos\/wp-json\/wp\/v2\/posts\/1279\/revisions"}],"predecessor-version":[{"id":1280,"href":"https:\/\/ultimato.com.br\/sites\/fatosecorrelatos\/wp-json\/wp\/v2\/posts\/1279\/revisions\/1280"}],"wp:attachment":[{"href":"https:\/\/ultimato.com.br\/sites\/fatosecorrelatos\/wp-json\/wp\/v2\/media?parent=1279"}],"wp:term":[{"taxonomy":"category","embeddable":true,"href":"https:\/\/ultimato.com.br\/sites\/fatosecorrelatos\/wp-json\/wp\/v2\/categories?post=1279"},{"taxonomy":"post_tag","embeddable":true,"href":"https:\/\/ultimato.com.br\/sites\/fatosecorrelatos\/wp-json\/wp\/v2\/tags?post=1279"}],"curies":[{"name":"wp","href":"https:\/\/api.w.org\/{rel}","templated":true}]}}