{"id":127,"date":"2009-09-30T08:18:00","date_gmt":"2009-09-30T11:18:00","guid":{"rendered":"http:\/\/ultimato.com.br\/sites\/fatosecorrelatos\/2009\/09\/30\/o-lugar-do-coracao\/"},"modified":"2010-09-25T18:47:46","modified_gmt":"2010-09-25T21:47:46","slug":"o-lugar-do-coracao","status":"publish","type":"post","link":"https:\/\/ultimato.com.br\/sites\/fatosecorrelatos\/2009\/09\/30\/o-lugar-do-coracao\/","title":{"rendered":"O Lugar do Cora\u00e7\u00e3o"},"content":{"rendered":"<p><a href=\"http:\/\/1.bp.blogspot.com\/_oPpAxASUdJ8\/SsNAn5R0PHI\/AAAAAAAAAJw\/1B1_fmH0beo\/s1600-h\/1162404_90413812.jpg\" class=\"lightview\" data-lightview-group=\"group-127\" data-lightview-options=\"skin: 'dark', controls: 'relative', padding: '10', shadow: { color: '#000000', opacity: 0.08, blur: 3 }\"><img decoding=\"async\" style=\"margin: 0pt 0pt 10px 10px; float: right; cursor: pointer; width: 159px; height: 200px;\" src=\"http:\/\/1.bp.blogspot.com\/_oPpAxASUdJ8\/SsNAn5R0PHI\/AAAAAAAAAJw\/1B1_fmH0beo\/s200\/1162404_90413812.jpg\" border=\"0\" alt=\"\" \/><\/a><\/p>\n<p class=\"MsoNormal\" style=\"font-family: trebuchet ms;\"><span style=\"font-size: 100%;\">\u201cOnde est\u00e1 o teu tesouro, a\u00ed estar\u00e1 tamb\u00e9m o seu cora\u00e7\u00e3o\u201d, disse Jesus. O lugar do meu cora\u00e7\u00e3o \u00e9 o colo do Pai, mas os rumos que devo tomar aqui na terra nem sempre s\u00e3o precisos. Isso porque sou meio surdo. N\u00e3o ou\u00e7o muito bem as palavras do Mestre anunciando os preceitos, as cores e as promessas do Reino.<\/span><\/p>\n<p class=\"MsoNormal\" style=\"font-family: trebuchet ms;\"><span style=\"font-size: 100%;\">Vez ou outra me esque\u00e7o do que faz meu cora\u00e7\u00e3o pulsar e me dedico somente a cumprir ordens e atender expectativas. A voz de Deus \u00e9 que faz o cora\u00e7\u00e3o bater, mas nem sempre \u00e9 f\u00e1cil dizer o que \u00e9 e o que n\u00e3o \u00e9 a voz de Deus. <\/span><\/p>\n<p class=\"MsoNormal\" style=\"font-family: trebuchet ms;\"><span style=\"font-size: 100%;\">Para isso, preciso trilhar uma caminhada muito mais longa e profunda, que conjuga os lados de dentro e de fora de meu cora\u00e7\u00e3o, as palavras dos que me amam e dos s\u00e1bios, e o cora\u00e7\u00e3o do Pai revelado nas Escrituras.<\/span><\/p>\n<p class=\"MsoNormal\" style=\"font-family: trebuchet ms;\"><span style=\"font-size: 100%;\">A decis\u00e3o de onde depositar o meu tesouro (aquilo que mais valorizo) necessita de coragem. Significa que meu cora\u00e7\u00e3o n\u00e3o estar\u00e1 em todo lugar, nem atender\u00e1 todos os interesses e expectativas. Em muitas frentes e demandas da vida, ele simplesmente estar\u00e1 ausente com o nobre fim de quedar-se completamente presente em outras. N\u00e3o \u00e9 ego\u00edsmo, mas humildade e sabedoria.<\/span><\/p>\n<p class=\"MsoNormal\" style=\"font-family: trebuchet ms;\"><span style=\"font-size: 100%;\">A frase de Jesus se refere originalmente ao risco de ser levado pelos rumos da gan\u00e2ncia material (Mt 6.19-21). Dedicar minha vida a acumular tesouros sobre a terra \u00e9 como construir castelos de areia na praia. Por mais bonita que a obra fique, as ondas vir\u00e3o e levaram consigo todo o trabalho realizado. O materialismo empobrece e confunde a caminhada.<\/span><span style=\"font-size: 100%;\"><br \/>\n<\/span><\/p>\n<p class=\"MsoNormal\" style=\"font-family: trebuchet ms;\"><span style=\"font-size: 100%;\">Para caminhar com coragem \u00e9 preciso, antes de tudo, discernir entre o ef\u00eamero e o perene, entre provis\u00f3rio e o eterno. Como come\u00e7ar? Esquadrinhando o cora\u00e7\u00e3o, o \u00fanico tesouro que realmente possu\u00edmos.<\/span><\/p>\n","protected":false},"excerpt":{"rendered":"<p>\u201cOnde est\u00e1 o teu tesouro, a\u00ed estar\u00e1 tamb\u00e9m o seu cora\u00e7\u00e3o\u201d, disse Jesus. O lugar do meu cora\u00e7\u00e3o \u00e9 o colo do Pai, mas os rumos que devo tomar aqui na terra nem sempre s\u00e3o precisos. Isso porque sou meio surdo. N\u00e3o ou\u00e7o muito bem as palavras do Mestre anunciando os preceitos, as cores e [&hellip;]<\/p>\n","protected":false},"author":12,"featured_media":0,"comment_status":"open","ping_status":"open","sticky":false,"template":"","format":"standard","meta":{"ngg_post_thumbnail":0,"footnotes":""},"categories":[114],"tags":[4783,7637],"class_list":["post-127","post","type-post","status-publish","format-standard","hentry","category-artigos","tag-espiritualidade","tag-riqueza"],"_links":{"self":[{"href":"https:\/\/ultimato.com.br\/sites\/fatosecorrelatos\/wp-json\/wp\/v2\/posts\/127","targetHints":{"allow":["GET"]}}],"collection":[{"href":"https:\/\/ultimato.com.br\/sites\/fatosecorrelatos\/wp-json\/wp\/v2\/posts"}],"about":[{"href":"https:\/\/ultimato.com.br\/sites\/fatosecorrelatos\/wp-json\/wp\/v2\/types\/post"}],"author":[{"embeddable":true,"href":"https:\/\/ultimato.com.br\/sites\/fatosecorrelatos\/wp-json\/wp\/v2\/users\/12"}],"replies":[{"embeddable":true,"href":"https:\/\/ultimato.com.br\/sites\/fatosecorrelatos\/wp-json\/wp\/v2\/comments?post=127"}],"version-history":[{"count":3,"href":"https:\/\/ultimato.com.br\/sites\/fatosecorrelatos\/wp-json\/wp\/v2\/posts\/127\/revisions"}],"predecessor-version":[{"id":264,"href":"https:\/\/ultimato.com.br\/sites\/fatosecorrelatos\/wp-json\/wp\/v2\/posts\/127\/revisions\/264"}],"wp:attachment":[{"href":"https:\/\/ultimato.com.br\/sites\/fatosecorrelatos\/wp-json\/wp\/v2\/media?parent=127"}],"wp:term":[{"taxonomy":"category","embeddable":true,"href":"https:\/\/ultimato.com.br\/sites\/fatosecorrelatos\/wp-json\/wp\/v2\/categories?post=127"},{"taxonomy":"post_tag","embeddable":true,"href":"https:\/\/ultimato.com.br\/sites\/fatosecorrelatos\/wp-json\/wp\/v2\/tags?post=127"}],"curies":[{"name":"wp","href":"https:\/\/api.w.org\/{rel}","templated":true}]}}