{"id":1269,"date":"2015-01-10T14:41:07","date_gmt":"2015-01-10T17:41:07","guid":{"rendered":"http:\/\/ultimato.com.br\/sites\/fatosecorrelatos\/?p=1269"},"modified":"2015-01-10T14:49:04","modified_gmt":"2015-01-10T17:49:04","slug":"uma-entrevista-com-ninguem-sobre-o-atentado-ao-charlie-hebdo","status":"publish","type":"post","link":"https:\/\/ultimato.com.br\/sites\/fatosecorrelatos\/2015\/01\/10\/uma-entrevista-com-ninguem-sobre-o-atentado-ao-charlie-hebdo\/","title":{"rendered":"Uma entrevista com ningu\u00e9m sobre o atentado ao Charlie Hebdo"},"content":{"rendered":"<div><a href=\"http:\/\/ultimato.com.br\/sites\/fatosecorrelatos\/files\/2015\/01\/charlie-hebdo-reaction.jpg\" class=\"lightview\" data-lightview-group=\"group-1269\" data-lightview-options=\"skin: 'dark', controls: 'relative', padding: '10', shadow: { color: '#000000', opacity: 0.08, blur: 3 }\"><img loading=\"lazy\" decoding=\"async\" class=\"alignright wp-image-1270\" src=\"http:\/\/ultimato.com.br\/sites\/fatosecorrelatos\/files\/2015\/01\/charlie-hebdo-reaction.jpg\" alt=\"charlie-hebdo-reaction\" width=\"500\" height=\"375\" srcset=\"https:\/\/ultimato.com.br\/sites\/fatosecorrelatos\/files\/2015\/01\/charlie-hebdo-reaction.jpg 620w, https:\/\/ultimato.com.br\/sites\/fatosecorrelatos\/files\/2015\/01\/charlie-hebdo-reaction-300x225.jpg 300w, https:\/\/ultimato.com.br\/sites\/fatosecorrelatos\/files\/2015\/01\/charlie-hebdo-reaction-150x112.jpg 150w\" sizes=\"auto, (max-width: 500px) 100vw, 500px\" \/><\/a>O mundo est\u00e1 indignado com o que aconteceu na Fran\u00e7a nesta semana marcada pelo terrorismo contra a liberdade de express\u00e3o. No Brasil, muitos s\u00e3o os coment\u00e1rios de especialistas: por que isso aconteceu? qual ser\u00e1 o cen\u00e1rio pol\u00edtico recorrente? quais s\u00e3o os inimigos e o que est\u00e1 em jogo? como a Fran\u00e7a deveria lidar com o &#8220;choque de civiliza\u00e7\u00f5es&#8221;?<\/div>\n<div><\/div>\n<div>Como n\u00e3o sou especialista em coisa alguma, me contenho somente com a tarefa de fazer perguntas para um(ns) entrevistado(s) imagin\u00e1rio(s):<\/div>\n<div><\/div>\n<div style=\"padding-left: 30px;\"><strong>1. A democracia pressup\u00f5e liberdade de vozes. Mas e quando uma voz \u00e9 exatamente contr\u00e1ria \u00e0 democracia, como a democracia deve lidar com ela?<\/strong><\/div>\n<div style=\"padding-left: 30px;\"><strong>\u00a0<\/strong><\/div>\n<div style=\"padding-left: 30px;\"><strong>2. Como os &#8220;esclarecidos&#8221; (na fam\u00edlia, na amizade, no trabalho ou em uma na\u00e7\u00e3o) lidam com a ofensa de outros? Seus gestos costumam ser honestamente democr\u00e1ticos?<\/strong><\/div>\n<div style=\"padding-left: 30px;\"><strong>\u00a0<\/strong><\/div>\n<div style=\"padding-left: 30px;\"><strong>3. Por que o terrorismo consegue seduzir jovens criados em plena Europa (democr\u00e1tica, rica e moderna)? O faz com que estes jovens encontrem &#8220;sentido&#8221; na causa violenta, e n\u00e3o na causa democr\u00e1tica?<\/strong><\/div>\n<div style=\"padding-left: 30px;\"><strong>\u00a0<\/strong><\/div>\n<div style=\"padding-left: 30px;\"><strong>4. O quanto a mobiliza\u00e7\u00e3o da opini\u00e3o p\u00fablica mundial em torno do atentado ser\u00e1 consistente ou n\u00e3o? Somos todos ref\u00e9ns emocionais dos acontecimentos?<\/strong><\/div>\n<div style=\"padding-left: 30px;\"><strong>\u00a0<\/strong><\/div>\n<div style=\"padding-left: 30px;\"><strong>5. A resposta terrorista ao humor debochado do\u00a0Charlie Hebdo foi claramente errada. A viol\u00eancia foi a resposta ao deboche. Como os humoristas do jornal j\u00e1 haviam recebido amea\u00e7as, e mesmo assim persistiram em sua liberdade de express\u00e3o, podemos consider\u00e1-los &#8220;m\u00e1rtires&#8221;? Se sim, que conceitos de &#8220;mart\u00edrio&#8221; (dos jornalistas? dos terroristas? dos policiais? dos pol\u00edticos?) est\u00e3o em jogo na quest\u00e3o?<\/strong><\/div>\n<div style=\"padding-left: 30px;\"><strong>\u00a0<\/strong><\/div>\n<div style=\"padding-left: 30px;\"><strong>6. Os terroristas eram claramente religiosos. Mesmo que se alegue que eles n\u00e3o representam o Islamismo como um todo, a pergunta continua: como as sociedades modernas (ou p\u00f3s-modernas?) devem lidar com as express\u00f5es religiosas? Demoniz\u00e1-las? Privatiz\u00e1-las? Defend\u00ea-las? Satiriz\u00e1-las?<\/strong><\/div>\n<div style=\"padding-left: 30px;\"><strong>\u00a0<\/strong><\/div>\n<div style=\"padding-left: 30px;\"><strong>7. Cristo tamb\u00e9m teve que lidar com a trucul\u00eancia de seus desafetos (at\u00e9 a morte!). Al\u00e9m disso, ele n\u00e3o escondeu de seus disc\u00edpulos que eles tamb\u00e9m enfrentariam trucul\u00eancias diversas por causa de sua f\u00e9 (Mt 5). Como, particularmente, o exemplo de Jesus poderia ajudar as religi\u00f5es a lidarem com oposi\u00e7\u00f5es (justas ou injustas)?<\/strong><\/div>\n<div><\/div>\n<div>E a\u00ed, voc\u00ea gostaria de ser o entrevistado? Ou gostaria de fazer novas perguntas?<\/div>\n<div><\/div>\n<div><em>Ilustra\u00e7\u00e3o: Fran\u00e7ois Maumont \/ Twitter<\/em><\/div>\n<div><\/div>\n","protected":false},"excerpt":{"rendered":"<p>O mundo est\u00e1 indignado com o que aconteceu na Fran\u00e7a nesta semana marcada pelo terrorismo contra a liberdade de express\u00e3o. No Brasil, muitos s\u00e3o os coment\u00e1rios de especialistas: por que isso aconteceu? qual ser\u00e1 o cen\u00e1rio pol\u00edtico recorrente? quais s\u00e3o os inimigos e o que est\u00e1 em jogo? como a Fran\u00e7a deveria lidar com o [&hellip;]<\/p>\n","protected":false},"author":12,"featured_media":0,"comment_status":"open","ping_status":"open","sticky":false,"template":"","format":"standard","meta":{"ngg_post_thumbnail":0,"footnotes":""},"categories":[114],"tags":[24524,24525,5562,24312],"class_list":["post-1269","post","type-post","status-publish","format-standard","hentry","category-artigos","tag-atualidade","tag-charlie-hebdo","tag-franca","tag-terrorismo"],"_links":{"self":[{"href":"https:\/\/ultimato.com.br\/sites\/fatosecorrelatos\/wp-json\/wp\/v2\/posts\/1269","targetHints":{"allow":["GET"]}}],"collection":[{"href":"https:\/\/ultimato.com.br\/sites\/fatosecorrelatos\/wp-json\/wp\/v2\/posts"}],"about":[{"href":"https:\/\/ultimato.com.br\/sites\/fatosecorrelatos\/wp-json\/wp\/v2\/types\/post"}],"author":[{"embeddable":true,"href":"https:\/\/ultimato.com.br\/sites\/fatosecorrelatos\/wp-json\/wp\/v2\/users\/12"}],"replies":[{"embeddable":true,"href":"https:\/\/ultimato.com.br\/sites\/fatosecorrelatos\/wp-json\/wp\/v2\/comments?post=1269"}],"version-history":[{"count":2,"href":"https:\/\/ultimato.com.br\/sites\/fatosecorrelatos\/wp-json\/wp\/v2\/posts\/1269\/revisions"}],"predecessor-version":[{"id":1272,"href":"https:\/\/ultimato.com.br\/sites\/fatosecorrelatos\/wp-json\/wp\/v2\/posts\/1269\/revisions\/1272"}],"wp:attachment":[{"href":"https:\/\/ultimato.com.br\/sites\/fatosecorrelatos\/wp-json\/wp\/v2\/media?parent=1269"}],"wp:term":[{"taxonomy":"category","embeddable":true,"href":"https:\/\/ultimato.com.br\/sites\/fatosecorrelatos\/wp-json\/wp\/v2\/categories?post=1269"},{"taxonomy":"post_tag","embeddable":true,"href":"https:\/\/ultimato.com.br\/sites\/fatosecorrelatos\/wp-json\/wp\/v2\/tags?post=1269"}],"curies":[{"name":"wp","href":"https:\/\/api.w.org\/{rel}","templated":true}]}}