{"id":1264,"date":"2014-12-29T07:59:42","date_gmt":"2014-12-29T10:59:42","guid":{"rendered":"http:\/\/ultimato.com.br\/sites\/fatosecorrelatos\/?p=1264"},"modified":"2014-12-30T08:02:13","modified_gmt":"2014-12-30T11:02:13","slug":"um-choro-no-onibus-e-minha-oracao-para-2015","status":"publish","type":"post","link":"https:\/\/ultimato.com.br\/sites\/fatosecorrelatos\/2014\/12\/29\/um-choro-no-onibus-e-minha-oracao-para-2015\/","title":{"rendered":"Um choro no \u00f4nibus e minha ora\u00e7\u00e3o para 2015"},"content":{"rendered":"<p>Na poltrona da frente o menino chora, acompanhado da av\u00f3, chamando pela m\u00e3e, a adolescente que fica acenando no terminal rodovi\u00e1rio. A av\u00f3 consola o menino, que n\u00e3o deve ter mais do que tr\u00eas anos: &#8220;ela tem que trabalhar, mas vai depois&#8221;.<\/p>\n<p>N\u00e3o sou de chorar, mas tem uma coisa que sempre me arranca l\u00e1grimas, mesmo que poucas: dramas familiares. Pode ser em filmes, em programas de TV ou na simples observa\u00e7\u00e3o cotidiana. N\u00e3o precisa ser nada extraordin\u00e1rio. \u00c0s vezes, s\u00e3o coisas bem banais mesmo.<\/p>\n<p>Logo ap\u00f3s testemunhar a fala do menino, me lembro do meu filho, Miguel. Ele est\u00e1 em Caet\u00e9, com febre, e eu aqui voltando sozinho para Vi\u00e7osa, por conta dos compromissos de trabalho. Telefono para minha esposa e ela diz que felizmente a febre baixou. Miguel est\u00e1 dormindo.<\/p>\n<p>Ponho-me a escrever, ainda influenciado pelo livro que leio (&#8220;Meus Desacontecimentos&#8221;, de Eliane Brum). A autora rememora suas rela\u00e7\u00f5es com pessoas e com a escrita na inf\u00e2ncia, num relato cheio de beleza, n\u00e3o obstante a dureza. Eu ent\u00e3o penso o qu\u00e3o distante estou do ideal de Deus para o ser humano. A verdade \u00e9 que nunca deveria haver despedidas. No fundo, nossa ambi\u00e7\u00e3o humana n\u00e3o \u00e9 viver eternamente; \u00e9 nunca mais viver sozinho. \u00c9 este anseio que Deus supre, dando-nos a si mesmo e reconciliando-nos uns com os outros (2 Co 5. 18, 19).<\/p>\n<p>Me lembro tamb\u00e9m de mortes tr\u00e1gicas de jovens amigos. Pedro, de 27 anos, morto em um acidente de moto, \u00e9 um dos que v\u00eam em minha mente, porque \u00e9 a mais recente. A experi\u00eancia da perda \u00e9 algo estranho e dolorido.<\/p>\n<p>Ainda estou no sacolejar do \u00f4nibus, mas resolvo escolher minha ora\u00e7\u00e3o pessoal para 2015: que n\u00e3o haja &#8220;despedidas&#8221; entre mim e Deus, nem entre mim e as pessoas &#8212; principalmente, as que mais amo. N\u00e3o pe\u00e7o nada mais. O resto \u00e9 um caldeir\u00e3o de circunst\u00e2ncias que nenhuma passagem de ano vai evitar.<\/p>\n","protected":false},"excerpt":{"rendered":"<p>Na poltrona da frente o menino chora, acompanhado da av\u00f3, chamando pela m\u00e3e, a adolescente que fica acenando no terminal rodovi\u00e1rio. A av\u00f3 consola o menino, que n\u00e3o deve ter mais do que tr\u00eas anos: &#8220;ela tem que trabalhar, mas vai depois&#8221;. N\u00e3o sou de chorar, mas tem uma coisa que sempre me arranca l\u00e1grimas, [&hellip;]<\/p>\n","protected":false},"author":12,"featured_media":0,"comment_status":"open","ping_status":"open","sticky":false,"template":"","format":"standard","meta":{"ngg_post_thumbnail":0,"footnotes":""},"categories":[7654],"tags":[7604],"class_list":["post-1264","post","type-post","status-publish","format-standard","hentry","category-cronicas","tag-cronicas-de-viagem"],"_links":{"self":[{"href":"https:\/\/ultimato.com.br\/sites\/fatosecorrelatos\/wp-json\/wp\/v2\/posts\/1264","targetHints":{"allow":["GET"]}}],"collection":[{"href":"https:\/\/ultimato.com.br\/sites\/fatosecorrelatos\/wp-json\/wp\/v2\/posts"}],"about":[{"href":"https:\/\/ultimato.com.br\/sites\/fatosecorrelatos\/wp-json\/wp\/v2\/types\/post"}],"author":[{"embeddable":true,"href":"https:\/\/ultimato.com.br\/sites\/fatosecorrelatos\/wp-json\/wp\/v2\/users\/12"}],"replies":[{"embeddable":true,"href":"https:\/\/ultimato.com.br\/sites\/fatosecorrelatos\/wp-json\/wp\/v2\/comments?post=1264"}],"version-history":[{"count":3,"href":"https:\/\/ultimato.com.br\/sites\/fatosecorrelatos\/wp-json\/wp\/v2\/posts\/1264\/revisions"}],"predecessor-version":[{"id":1267,"href":"https:\/\/ultimato.com.br\/sites\/fatosecorrelatos\/wp-json\/wp\/v2\/posts\/1264\/revisions\/1267"}],"wp:attachment":[{"href":"https:\/\/ultimato.com.br\/sites\/fatosecorrelatos\/wp-json\/wp\/v2\/media?parent=1264"}],"wp:term":[{"taxonomy":"category","embeddable":true,"href":"https:\/\/ultimato.com.br\/sites\/fatosecorrelatos\/wp-json\/wp\/v2\/categories?post=1264"},{"taxonomy":"post_tag","embeddable":true,"href":"https:\/\/ultimato.com.br\/sites\/fatosecorrelatos\/wp-json\/wp\/v2\/tags?post=1264"}],"curies":[{"name":"wp","href":"https:\/\/api.w.org\/{rel}","templated":true}]}}