{"id":1261,"date":"2014-12-24T08:34:30","date_gmt":"2014-12-24T11:34:30","guid":{"rendered":"http:\/\/ultimato.com.br\/sites\/fatosecorrelatos\/?p=1261"},"modified":"2014-12-24T08:34:55","modified_gmt":"2014-12-24T11:34:55","slug":"natal-alegria-e-vergonha","status":"publish","type":"post","link":"https:\/\/ultimato.com.br\/sites\/fatosecorrelatos\/2014\/12\/24\/natal-alegria-e-vergonha\/","title":{"rendered":"Natal: alegria e vergonha"},"content":{"rendered":"<p style=\"text-align: center;\"><em>&#8220;Enquanto estavam l\u00e1, chegou o tempo de nascer o beb\u00ea, e ela deu \u00e0 luz o seu primog\u00eanito.\u00a0Envolveu-o em panos e o colocou numa manjedoura, porque n\u00e3o havia lugar para eles na hospedaria&#8221;. (Lc 2.6-7, NVI)<\/em><\/p>\n<p>&nbsp;<\/p>\n<p>O Natal n\u00e3o \u00e9 somente um tempo de celebrar a bondade de Deus, mas tamb\u00e9m \u00e9 uma den\u00fancia constrangedora do ego\u00edsmo do cora\u00e7\u00e3o humano. O menino nasceu, mas ningu\u00e9m quis hospeda-lo. Seu perfil n\u00e3o condizia com o mercado. Sua fragilidade n\u00e3o embalava nen<span class=\"text_exposed_show\">huma bandeira pol\u00edtica revolucion\u00e1ria. Sua incapacidade de elaborar pensamentos sofisticados o impedia de ser reconhecido pela filosofia ou mesmo pela religi\u00e3o.<\/span><\/p>\n<div class=\"text_exposed_show\">\n<p>Aos olhos dos homens, ele n\u00e3o passava de um menino pobre de pais desconhecidos.<\/p>\n<p>Sim, ele era um menino. E carregava consigo toda a for\u00e7a de um menino. E carregava consigo toda imprevisibilidade divina de sobrepor-se \u00e0 mediocridade humana. E carregava em seus ombros a majestade de Deus.<\/p>\n<p>O Natal \u00e9 uma misteriosa mistura de boa not\u00edcia e de inc\u00f4moda not\u00edcia. Traz esperan\u00e7a, mas tamb\u00e9m vergonha. Traz alegria, mas tamb\u00e9m preocupa\u00e7\u00e3o. Vai ao encontro do anseio mais profundo da humanidade, mas ao mesmo tempo irrita porque n\u00e3o compactua com uma cultura egoc\u00eantrica, libertina e superficial.<\/p>\n<p>O Natal faz ressurgir a bondade humana, mas tamb\u00e9m nos lembra que fomos n\u00f3s que n\u00e3o acolhemos Jesus, fomos n\u00f3s que o matamos. Mas foi por n\u00f3s que ele veio, morreu e ressuscitou.<\/p>\n<p>Salve o rei que nasceu em Bel\u00e9m!<\/p>\n<\/div>\n","protected":false},"excerpt":{"rendered":"<p>&#8220;Enquanto estavam l\u00e1, chegou o tempo de nascer o beb\u00ea, e ela deu \u00e0 luz o seu primog\u00eanito.\u00a0Envolveu-o em panos e o colocou numa manjedoura, porque n\u00e3o havia lugar para eles na hospedaria&#8221;. (Lc 2.6-7, NVI) &nbsp; O Natal n\u00e3o \u00e9 somente um tempo de celebrar a bondade de Deus, mas tamb\u00e9m \u00e9 uma den\u00fancia [&hellip;]<\/p>\n","protected":false},"author":12,"featured_media":0,"comment_status":"open","ping_status":"open","sticky":false,"template":"","format":"standard","meta":{"ngg_post_thumbnail":0,"footnotes":""},"categories":[114],"tags":[82],"class_list":["post-1261","post","type-post","status-publish","format-standard","hentry","category-artigos","tag-natal"],"_links":{"self":[{"href":"https:\/\/ultimato.com.br\/sites\/fatosecorrelatos\/wp-json\/wp\/v2\/posts\/1261","targetHints":{"allow":["GET"]}}],"collection":[{"href":"https:\/\/ultimato.com.br\/sites\/fatosecorrelatos\/wp-json\/wp\/v2\/posts"}],"about":[{"href":"https:\/\/ultimato.com.br\/sites\/fatosecorrelatos\/wp-json\/wp\/v2\/types\/post"}],"author":[{"embeddable":true,"href":"https:\/\/ultimato.com.br\/sites\/fatosecorrelatos\/wp-json\/wp\/v2\/users\/12"}],"replies":[{"embeddable":true,"href":"https:\/\/ultimato.com.br\/sites\/fatosecorrelatos\/wp-json\/wp\/v2\/comments?post=1261"}],"version-history":[{"count":2,"href":"https:\/\/ultimato.com.br\/sites\/fatosecorrelatos\/wp-json\/wp\/v2\/posts\/1261\/revisions"}],"predecessor-version":[{"id":1263,"href":"https:\/\/ultimato.com.br\/sites\/fatosecorrelatos\/wp-json\/wp\/v2\/posts\/1261\/revisions\/1263"}],"wp:attachment":[{"href":"https:\/\/ultimato.com.br\/sites\/fatosecorrelatos\/wp-json\/wp\/v2\/media?parent=1261"}],"wp:term":[{"taxonomy":"category","embeddable":true,"href":"https:\/\/ultimato.com.br\/sites\/fatosecorrelatos\/wp-json\/wp\/v2\/categories?post=1261"},{"taxonomy":"post_tag","embeddable":true,"href":"https:\/\/ultimato.com.br\/sites\/fatosecorrelatos\/wp-json\/wp\/v2\/tags?post=1261"}],"curies":[{"name":"wp","href":"https:\/\/api.w.org\/{rel}","templated":true}]}}