{"id":1243,"date":"2014-11-24T15:47:03","date_gmt":"2014-11-24T18:47:03","guid":{"rendered":"http:\/\/ultimato.com.br\/sites\/fatosecorrelatos\/?p=1243"},"modified":"2014-11-24T15:48:17","modified_gmt":"2014-11-24T18:48:17","slug":"tres-luzes","status":"publish","type":"post","link":"https:\/\/ultimato.com.br\/sites\/fatosecorrelatos\/2014\/11\/24\/tres-luzes\/","title":{"rendered":"Tr\u00eas luzes"},"content":{"rendered":"<p><a href=\"http:\/\/ultimato.com.br\/sites\/fatosecorrelatos\/files\/2014\/11\/luzes1.jpg\" class=\"lightview\" data-lightview-group=\"group-1243\" data-lightview-options=\"skin: 'dark', controls: 'relative', padding: '10', shadow: { color: '#000000', opacity: 0.08, blur: 3 }\"><img loading=\"lazy\" decoding=\"async\" class=\"aligncenter wp-image-1250 size-full\" src=\"http:\/\/ultimato.com.br\/sites\/fatosecorrelatos\/files\/2014\/11\/luzes1.jpg\" alt=\"luzes1\" width=\"400\" height=\"300\" srcset=\"https:\/\/ultimato.com.br\/sites\/fatosecorrelatos\/files\/2014\/11\/luzes1.jpg 400w, https:\/\/ultimato.com.br\/sites\/fatosecorrelatos\/files\/2014\/11\/luzes1-300x225.jpg 300w, https:\/\/ultimato.com.br\/sites\/fatosecorrelatos\/files\/2014\/11\/luzes1-150x112.jpg 150w\" sizes=\"auto, (max-width: 400px) 100vw, 400px\" \/><\/a><\/p>\n<p>H\u00e1 tr\u00eas focos de luz em minha frente. \u00c0 direta, a janela. \u00c0 frente, a TV. Abaixo, o laptop. Universos inteiros em minha frente. Universos fabricados ou n\u00e3o, o grande desafio \u00e9 o que fazer com o que vejo por meio deles.<\/p>\n<p>Se pela janela vejo o p\u00e1ssaro pousando na antena parab\u00f3lica, na TV assisto a hist\u00f3rias do interior produzidas por cineastas. A tela do computador \u00e9 como aquela nova gal\u00e1xia descoberta. Quanto mais descobrimos, mais infinita \u00e9.<\/p>\n<p>O que me amedronta n\u00e3o \u00e9 novo. \u00c9 o que podemos nos tornar.<\/p>\n<p>As luzes s\u00e3o cada vez mais frequentes. Meus olhos doem. Me lembro daquela luz do sol ao meio-dia da inf\u00e2ncia queimando o asfalto e me dando a sensa\u00e7\u00e3o de letargia.<\/p>\n<p>Nos sonhos, vemos luzes acompanhadas sempre por m\u00fasicas no compasso do movimento. Na vida real, nem sempre \u00e9 assim. O sil\u00eancio n\u00e3o foge. Sempre que surge, ele tem a grande capacidade de permanecer. A despeito dos desesperos que nos aprisionam.<\/p>\n<p>Vejo as fotos de amigos na tela do computador. Me lembro de tanta coisa! Me lembro dos sorrisos expostos, descompromissados.<\/p>\n<p>Leio depoimentos, confiss\u00f5es. Nem sempre t\u00e3o sinceras. Mas cada letra esconde dentro de si uma inten\u00e7\u00e3o. Cabe a n\u00f3s decifr\u00e1-las.<\/p>\n<p>O tempo vai passando, e j\u00e1 n\u00e3o me empolgo com discursos. Eles quase sempre s\u00e3o atestados de descompromisso com a realidade que n\u00e3o cabe neles. Por vezes, melhor \u00e9 ficar calado mesmo.<\/p>\n<p>Entre as tr\u00eas luzes, fico parado. Talvez eu espere que se apaguem sozinhas. Talvez eu n\u00e3o queira que se apaguem.<\/p>\n<p>No fundo, quero crer que h\u00e1 algu\u00e9m acima de tudo isso, para quem luz e escurid\u00e3o n\u00e3o fazem diferen\u00e7a alguma. E n\u00e3o fazem mesmo.<\/p>\n","protected":false},"excerpt":{"rendered":"<p>H\u00e1 tr\u00eas focos de luz em minha frente. \u00c0 direta, a janela. \u00c0 frente, a TV. Abaixo, o laptop. Universos inteiros em minha frente. Universos fabricados ou n\u00e3o, o grande desafio \u00e9 o que fazer com o que vejo por meio deles. Se pela janela vejo o p\u00e1ssaro pousando na antena parab\u00f3lica, na TV assisto [&hellip;]<\/p>\n","protected":false},"author":12,"featured_media":0,"comment_status":"open","ping_status":"open","sticky":false,"template":"","format":"standard","meta":{"ngg_post_thumbnail":0,"footnotes":""},"categories":[7654],"tags":[7603],"class_list":["post-1243","post","type-post","status-publish","format-standard","hentry","category-cronicas","tag-cronicas-do-cotidiano"],"_links":{"self":[{"href":"https:\/\/ultimato.com.br\/sites\/fatosecorrelatos\/wp-json\/wp\/v2\/posts\/1243","targetHints":{"allow":["GET"]}}],"collection":[{"href":"https:\/\/ultimato.com.br\/sites\/fatosecorrelatos\/wp-json\/wp\/v2\/posts"}],"about":[{"href":"https:\/\/ultimato.com.br\/sites\/fatosecorrelatos\/wp-json\/wp\/v2\/types\/post"}],"author":[{"embeddable":true,"href":"https:\/\/ultimato.com.br\/sites\/fatosecorrelatos\/wp-json\/wp\/v2\/users\/12"}],"replies":[{"embeddable":true,"href":"https:\/\/ultimato.com.br\/sites\/fatosecorrelatos\/wp-json\/wp\/v2\/comments?post=1243"}],"version-history":[{"count":4,"href":"https:\/\/ultimato.com.br\/sites\/fatosecorrelatos\/wp-json\/wp\/v2\/posts\/1243\/revisions"}],"predecessor-version":[{"id":1253,"href":"https:\/\/ultimato.com.br\/sites\/fatosecorrelatos\/wp-json\/wp\/v2\/posts\/1243\/revisions\/1253"}],"wp:attachment":[{"href":"https:\/\/ultimato.com.br\/sites\/fatosecorrelatos\/wp-json\/wp\/v2\/media?parent=1243"}],"wp:term":[{"taxonomy":"category","embeddable":true,"href":"https:\/\/ultimato.com.br\/sites\/fatosecorrelatos\/wp-json\/wp\/v2\/categories?post=1243"},{"taxonomy":"post_tag","embeddable":true,"href":"https:\/\/ultimato.com.br\/sites\/fatosecorrelatos\/wp-json\/wp\/v2\/tags?post=1243"}],"curies":[{"name":"wp","href":"https:\/\/api.w.org\/{rel}","templated":true}]}}