{"id":124,"date":"2009-09-25T06:30:00","date_gmt":"2009-09-25T09:30:00","guid":{"rendered":"http:\/\/ultimato.com.br\/sites\/fatosecorrelatos\/2009\/09\/25\/c-rene-padilla-no-brasil\/"},"modified":"2010-09-25T19:07:00","modified_gmt":"2010-09-25T22:07:00","slug":"c-rene-padilla-no-brasil","status":"publish","type":"post","link":"https:\/\/ultimato.com.br\/sites\/fatosecorrelatos\/2009\/09\/25\/c-rene-padilla-no-brasil\/","title":{"rendered":"C. Ren\u00e9 Padilla no Brasil"},"content":{"rendered":"<p><strong><\/strong><br \/><strong>Semana Teol\u00f3gica do curso de Bacharel em Teologia do Centro Universit\u00e1rio Metodista Izabela Hendrix<\/strong><br \/><strong>Tema:<\/strong> &#8220;Os 40 anos de Miss\u00e3o Integral&#8221;<br \/><strong>Data: <\/strong>1 a 3 de outubro<br \/><strong>Obs.:<\/strong> Ren\u00e9 Padilla ministrar\u00e1 palestra no dia 2 (manh\u00e3 e noite) e no dia 3 (manh\u00e3), quando haver\u00e1 tamb\u00e9m uma mesa redonda com professores da p\u00f3s-gradua\u00e7\u00e3o da PUC, MG.<br \/><strong>Saiba mais<\/strong>, <a href=\"http:\/\/www.metodistademinas.edu.br\/novo\/noticias2.php?id=614\">clique aqui<\/a>.<\/p>\n<p><strong>Lan\u00e7amento do livro &#8220;O Que \u00c9 Miss\u00e3o Integral?&#8221;<br \/>Data: <\/strong>4 e 5 de outubro<br \/><strong>Local:<\/strong> Igreja Presbiteriana de Vi\u00e7osa, MG<br \/><strong>Obs.:<\/strong> Ren\u00e9 Padilla pregar\u00e1 no culto \u00e0 noite do dia 4 e lan\u00e7ar\u00e1 o livro \u00e0 noite do dia 5.<br \/><strong>Hor\u00e1rio: <\/strong>19:30h<br \/><strong>Informa\u00e7\u00f5es: <\/strong>(31) 3611-8500\/ <a href=\"mailto:atendimento@ultimato.com.br\">atendimento@ultimato.com.br<\/a><br \/><strong><br \/>Confer\u00eancia &#8220;O Que \u00c9 Miss\u00e3o Integral&#8221; <\/strong><br \/><strong>Preletor: <\/strong>C. Ren\u00e9 Padilha<br \/><strong>Data:<\/strong> 7 de outubro<br \/><strong>Local: <\/strong>Igreja de Cristo de Jardim Am\u00e9rica \u2013 Rua Buenos Aires, s\/n, Felipe Camar\u00e3o, Natal, RN.<br \/><strong>Hor\u00e1rio:<\/strong> 08:00 \u00e0s 12:00h<br \/><strong>Informa\u00e7\u00f5es:<\/strong> (84) 9983-4736 \/ 9993-8888 \/ <a href=\"mailto:leandro_amme@yahoo.com.br\" target=\"_blank\">leandro_amme@yahoo.com.br<\/a> <\/p>\n<p><strong>Transformando a miss\u00e3o<\/strong><br \/><strong>Data:<\/strong> 8 a 10 de outubro<br \/><strong>Local: <\/strong>Salvador, BA<br \/><strong>Informa\u00e7\u00f5es:<\/strong> <a href=\"mailto:inscricao@transformandoamissao.com.br\" target=\"_blank\">inscricao@transformandoamissao.com.br<\/a> \/ (71) 8107-3741\/ 3183-0600 \/<br \/>(75) 3614-4007 \/ 8817-6888 \/ 9172-3310<\/p>\n","protected":false},"excerpt":{"rendered":"<p>Semana Teol\u00f3gica do curso de Bacharel em Teologia do Centro Universit\u00e1rio Metodista Izabela HendrixTema: &#8220;Os 40 anos de Miss\u00e3o Integral&#8221;Data: 1 a 3 de outubroObs.: Ren\u00e9 Padilla ministrar\u00e1 palestra no dia 2 (manh\u00e3 e noite) e no dia 3 (manh\u00e3), quando haver\u00e1 tamb\u00e9m uma mesa redonda com professores da p\u00f3s-gradua\u00e7\u00e3o da PUC, MG.Saiba mais, clique [&hellip;]<\/p>\n","protected":false},"author":12,"featured_media":0,"comment_status":"open","ping_status":"open","sticky":false,"template":"","format":"standard","meta":{"ngg_post_thumbnail":0,"footnotes":""},"categories":[7652],"tags":[24539],"class_list":["post-124","post","type-post","status-publish","format-standard","hentry","category-curtas","tag-etc"],"_links":{"self":[{"href":"https:\/\/ultimato.com.br\/sites\/fatosecorrelatos\/wp-json\/wp\/v2\/posts\/124","targetHints":{"allow":["GET"]}}],"collection":[{"href":"https:\/\/ultimato.com.br\/sites\/fatosecorrelatos\/wp-json\/wp\/v2\/posts"}],"about":[{"href":"https:\/\/ultimato.com.br\/sites\/fatosecorrelatos\/wp-json\/wp\/v2\/types\/post"}],"author":[{"embeddable":true,"href":"https:\/\/ultimato.com.br\/sites\/fatosecorrelatos\/wp-json\/wp\/v2\/users\/12"}],"replies":[{"embeddable":true,"href":"https:\/\/ultimato.com.br\/sites\/fatosecorrelatos\/wp-json\/wp\/v2\/comments?post=124"}],"version-history":[{"count":1,"href":"https:\/\/ultimato.com.br\/sites\/fatosecorrelatos\/wp-json\/wp\/v2\/posts\/124\/revisions"}],"predecessor-version":[{"id":325,"href":"https:\/\/ultimato.com.br\/sites\/fatosecorrelatos\/wp-json\/wp\/v2\/posts\/124\/revisions\/325"}],"wp:attachment":[{"href":"https:\/\/ultimato.com.br\/sites\/fatosecorrelatos\/wp-json\/wp\/v2\/media?parent=124"}],"wp:term":[{"taxonomy":"category","embeddable":true,"href":"https:\/\/ultimato.com.br\/sites\/fatosecorrelatos\/wp-json\/wp\/v2\/categories?post=124"},{"taxonomy":"post_tag","embeddable":true,"href":"https:\/\/ultimato.com.br\/sites\/fatosecorrelatos\/wp-json\/wp\/v2\/tags?post=124"}],"curies":[{"name":"wp","href":"https:\/\/api.w.org\/{rel}","templated":true}]}}