{"id":1227,"date":"2014-10-20T14:04:40","date_gmt":"2014-10-20T17:04:40","guid":{"rendered":"http:\/\/ultimato.com.br\/sites\/fatosecorrelatos\/?p=1227"},"modified":"2014-10-20T14:04:57","modified_gmt":"2014-10-20T17:04:57","slug":"esbocos-sobre-a-vida-plena","status":"publish","type":"post","link":"https:\/\/ultimato.com.br\/sites\/fatosecorrelatos\/2014\/10\/20\/esbocos-sobre-a-vida-plena\/","title":{"rendered":"Esbo\u00e7os sobre a vida plena"},"content":{"rendered":"<p>Baseado em Ef\u00e9sios 5.1-21:<\/p>\n<ol>\n<li>Identidade: filhos amados (1)<\/li>\n<li>Miss\u00e3o: andai em amor como Cristo (2), andai como filho da luz (8)<\/li>\n<li>Identidade e miss\u00e3o que come\u00e7am em Deus: &#8220;sede imitadores de Deus&#8221; (1) ; &#8220;&#8230;que tamb\u00e9m nos amou e se entregou por n\u00f3s a Deus como oferta e sacrif\u00edcio com aroma suave&#8221; (2).<\/li>\n<li>Estilo de vida como reflexo da identidade e da miss\u00e3o em Cristo (3-7)<\/li>\n<li>Vida plena e salva \u00e9 uma vida transparente, \u00edntegra, aberta, irrepreens\u00edvel (8-14)<\/li>\n<li>Vida plena e salva \u00e9 uma vida s\u00e1bia, proveitosa, relevante, \u00fatil (15, 16), que discerne os tempos (16) e a vontade de Deus (17)<\/li>\n<li>Vida plena e salva \u00e9 uma vida cheia do Esp\u00edrito, da presen\u00e7a de Deus preenchendo o vazio da alma, e que escolhe n\u00e3o ser preenchida pelo sup\u00e9rfluo viciante, descart\u00e1vel (18)<\/li>\n<li>Viva plena e salva \u00e9 uma vida alegremente grata com os outros e com Deus (19-20), que sente a honra de Cristo, de onde brota a verdadeira humildade que rejeita uma vida de competi\u00e7\u00e3o (21).<\/li>\n<\/ol>\n","protected":false},"excerpt":{"rendered":"<p>Baseado em Ef\u00e9sios 5.1-21: Identidade: filhos amados (1) Miss\u00e3o: andai em amor como Cristo (2), andai como filho da luz (8) Identidade e miss\u00e3o que come\u00e7am em Deus: &#8220;sede imitadores de Deus&#8221; (1) ; &#8220;&#8230;que tamb\u00e9m nos amou e se entregou por n\u00f3s a Deus como oferta e sacrif\u00edcio com aroma suave&#8221; (2). Estilo de [&hellip;]<\/p>\n","protected":false},"author":12,"featured_media":0,"comment_status":"open","ping_status":"open","sticky":false,"template":"","format":"standard","meta":{"ngg_post_thumbnail":0,"footnotes":""},"categories":[7652],"tags":[13,23388],"class_list":["post-1227","post","type-post","status-publish","format-standard","hentry","category-curtas","tag-biblia","tag-esbocos"],"_links":{"self":[{"href":"https:\/\/ultimato.com.br\/sites\/fatosecorrelatos\/wp-json\/wp\/v2\/posts\/1227","targetHints":{"allow":["GET"]}}],"collection":[{"href":"https:\/\/ultimato.com.br\/sites\/fatosecorrelatos\/wp-json\/wp\/v2\/posts"}],"about":[{"href":"https:\/\/ultimato.com.br\/sites\/fatosecorrelatos\/wp-json\/wp\/v2\/types\/post"}],"author":[{"embeddable":true,"href":"https:\/\/ultimato.com.br\/sites\/fatosecorrelatos\/wp-json\/wp\/v2\/users\/12"}],"replies":[{"embeddable":true,"href":"https:\/\/ultimato.com.br\/sites\/fatosecorrelatos\/wp-json\/wp\/v2\/comments?post=1227"}],"version-history":[{"count":1,"href":"https:\/\/ultimato.com.br\/sites\/fatosecorrelatos\/wp-json\/wp\/v2\/posts\/1227\/revisions"}],"predecessor-version":[{"id":1228,"href":"https:\/\/ultimato.com.br\/sites\/fatosecorrelatos\/wp-json\/wp\/v2\/posts\/1227\/revisions\/1228"}],"wp:attachment":[{"href":"https:\/\/ultimato.com.br\/sites\/fatosecorrelatos\/wp-json\/wp\/v2\/media?parent=1227"}],"wp:term":[{"taxonomy":"category","embeddable":true,"href":"https:\/\/ultimato.com.br\/sites\/fatosecorrelatos\/wp-json\/wp\/v2\/categories?post=1227"},{"taxonomy":"post_tag","embeddable":true,"href":"https:\/\/ultimato.com.br\/sites\/fatosecorrelatos\/wp-json\/wp\/v2\/tags?post=1227"}],"curies":[{"name":"wp","href":"https:\/\/api.w.org\/{rel}","templated":true}]}}