{"id":1226,"date":"2014-10-21T12:56:06","date_gmt":"2014-10-21T15:56:06","guid":{"rendered":"http:\/\/ultimato.com.br\/sites\/fatosecorrelatos\/?p=1226"},"modified":"2014-10-21T12:56:06","modified_gmt":"2014-10-21T15:56:06","slug":"queria-eu","status":"publish","type":"post","link":"https:\/\/ultimato.com.br\/sites\/fatosecorrelatos\/2014\/10\/21\/queria-eu\/","title":{"rendered":"Queria eu&#8230;"},"content":{"rendered":"<p>Queria eu escrever um texto revolucion\u00e1rio, que despertasse todos e todas do sono demasiado de nossa era. Queria eu mostrar que a vida \u00e9 bem mais bela e profunda do que diz quem tem voz. Queria eu agir t\u00e3o poderosamente que transformasse tudo o que \u00e9 mal em bondade.<\/p>\n<p>Mas o mundo n\u00e3o cabe em minhas m\u00e3os; muito menos em frases, par\u00e1grafos e artigos. O cora\u00e7\u00e3o humano \u00e9 mais cheio de sombras do que gostar\u00edamos. Somos menos do que poder\u00edamos. Nossos passos nem sempre nos levam para aonde nossas mentes decidem.<\/p>\n<p>Queria eu caminhar com sensatez e alegria. Afinal, uma coisa leva \u00e0 outra. Quanto mais sensato eu for, mas condi\u00e7\u00f5es tenho de usufruir a satisfa\u00e7\u00e3o das boas decis\u00f5es. Quanto mais experimento a alegria que vem da fonte, com mais bondade e virtude\u00a0vejo as circunst\u00e2ncias dif\u00edceis.<\/p>\n<p>Queria eu escrever uma can\u00e7\u00e3o que levasse\u00a0homens, mulheres e crian\u00e7as\u00a0a dan\u00e7arem na chuva, com gosto de paz e justi\u00e7a. Eles estariam juntos, em um roda, e venceriam todo o ego\u00edsmo e autoengano da vida. Uma can\u00e7\u00e3o que exaltasse Aquele que \u00e9 a fonte de todo bem, que d\u00e1 ao ser humano uma dignidade incompar\u00e1vel e, ao mesmo tempo, um senso de honestidade que n\u00e3o esconde nossas mazelas e d\u00e1 espa\u00e7o para o arrependimento e o\u00a0perd\u00e3o.<\/p>\n<p>Queria eu subir no alto de uma montanha e permitir que todo o meu ser se enchesse de compaix\u00e3o e que o vento\u00a0vido do Norte me lembrasse que a esperan\u00e7a \u00e9 leve e que a dureza da exist\u00eancia vai passar.<\/p>\n<p>Queria eu fazer tudo o que sonho para mim e para o mundo. Que cada sonho n\u00e3o ficasse trancado na mem\u00f3ria e nas boas inten\u00e7\u00f5es. Mas que cada sonho fosse como que uma placa de tr\u00e2nsito que me ajudaria a seguir na dire\u00e7\u00e3o certa. Sem parar.<\/p>\n<p>Queria eu orar com o mesmo fervor e confian\u00e7a de uma pequena crian\u00e7a \u00e0 espera da ajuda do seu pai. Que minhas palavras fossem mais do que repeti\u00e7\u00f5es religiosas. E que a ora\u00e7\u00e3o me levasse at\u00e9\u00a0\u00e0 Fonte, de verdade.<\/p>\n<p>Queria eu passar por esta vida com o cora\u00e7\u00e3o aberto para as pessoas. N\u00e3o para a manipula\u00e7\u00e3o ou a opress\u00e3o delas, mas para o que possuem de melhor, para o que podem se tornar. Assim tamb\u00e9m eu poderia me abrir para mim mesmo, para o que eu tenho de bom e\u00a0para o que posso melhorar com a ajuda dos outros.<\/p>\n<p>Queria eu tanta coisa!\u00a0Mas o deserto pelo qual caminhamos, por vezes, mingua\u00a0nossos sonhos ou os contamina de tal forma que j\u00e1 n\u00e3o\u00a0vemos o\u00a0horizonte.\u00a0Ent\u00e3o, por hora, s\u00f3 pe\u00e7o uma \u00fanica: que a mediocridade e o cinismo n\u00e3o me impe\u00e7am de querer o que realmente importa.<\/p>\n","protected":false},"excerpt":{"rendered":"<p>Queria eu escrever um texto revolucion\u00e1rio, que despertasse todos e todas do sono demasiado de nossa era. Queria eu mostrar que a vida \u00e9 bem mais bela e profunda do que diz quem tem voz. Queria eu agir t\u00e3o poderosamente que transformasse tudo o que \u00e9 mal em bondade. Mas o mundo n\u00e3o cabe em [&hellip;]<\/p>\n","protected":false},"author":12,"featured_media":0,"comment_status":"open","ping_status":"open","sticky":false,"template":"","format":"standard","meta":{"ngg_post_thumbnail":0,"footnotes":""},"categories":[114],"tags":[10556],"class_list":["post-1226","post","type-post","status-publish","format-standard","hentry","category-artigos","tag-artigos-2"],"_links":{"self":[{"href":"https:\/\/ultimato.com.br\/sites\/fatosecorrelatos\/wp-json\/wp\/v2\/posts\/1226","targetHints":{"allow":["GET"]}}],"collection":[{"href":"https:\/\/ultimato.com.br\/sites\/fatosecorrelatos\/wp-json\/wp\/v2\/posts"}],"about":[{"href":"https:\/\/ultimato.com.br\/sites\/fatosecorrelatos\/wp-json\/wp\/v2\/types\/post"}],"author":[{"embeddable":true,"href":"https:\/\/ultimato.com.br\/sites\/fatosecorrelatos\/wp-json\/wp\/v2\/users\/12"}],"replies":[{"embeddable":true,"href":"https:\/\/ultimato.com.br\/sites\/fatosecorrelatos\/wp-json\/wp\/v2\/comments?post=1226"}],"version-history":[{"count":2,"href":"https:\/\/ultimato.com.br\/sites\/fatosecorrelatos\/wp-json\/wp\/v2\/posts\/1226\/revisions"}],"predecessor-version":[{"id":1231,"href":"https:\/\/ultimato.com.br\/sites\/fatosecorrelatos\/wp-json\/wp\/v2\/posts\/1226\/revisions\/1231"}],"wp:attachment":[{"href":"https:\/\/ultimato.com.br\/sites\/fatosecorrelatos\/wp-json\/wp\/v2\/media?parent=1226"}],"wp:term":[{"taxonomy":"category","embeddable":true,"href":"https:\/\/ultimato.com.br\/sites\/fatosecorrelatos\/wp-json\/wp\/v2\/categories?post=1226"},{"taxonomy":"post_tag","embeddable":true,"href":"https:\/\/ultimato.com.br\/sites\/fatosecorrelatos\/wp-json\/wp\/v2\/tags?post=1226"}],"curies":[{"name":"wp","href":"https:\/\/api.w.org\/{rel}","templated":true}]}}