{"id":121,"date":"2009-08-26T20:53:00","date_gmt":"2009-08-26T23:53:00","guid":{"rendered":"http:\/\/ultimato.com.br\/sites\/fatosecorrelatos\/2009\/08\/26\/vens\/"},"modified":"2010-09-24T17:25:29","modified_gmt":"2010-09-24T20:25:29","slug":"vens","status":"publish","type":"post","link":"https:\/\/ultimato.com.br\/sites\/fatosecorrelatos\/2009\/08\/26\/vens\/","title":{"rendered":"Vens"},"content":{"rendered":"<p>Vens, tu que tens um sorriso a me dar<br \/>Vens, entre os montes de tristeza, me acalmar<br \/>Tens meu cora\u00e7\u00e3o, por\u00e7\u00e3o da terra a percorrer<br \/>Tens m\u00e3os, cheias de \u00e1gua ao rosto lavar<br \/>Que de mim, sabes o fim, e ainda o andar.<\/p>\n<p>Tens a vida, compartilhada no olhar<br \/>Tens, da terra seca, p\u00e9s rachados, no guiar<br \/>Mas no fundo, esperan\u00e7a, tanto a ver<br \/>Tens a teia, de cada veia a perfurar<br \/>Que de n\u00f3s, sentes a dor, e ainda o findar.<\/p>\n<p>Vens, pelo reverso dos descaminhos, a iluminar<br \/>Vens, aqui na sujeira do mundo, a purificar<br \/>Tens a reconcilia\u00e7\u00e3o nos bra\u00e7os, abertos a querer<br \/>Como que fazendo e refazendo o tear<br \/>Pelo sangue, que de n\u00f3s, veio e tens a dar.<\/p>\n<p>Venhamos, pois, contigo!<br \/>Tenhamos, ent\u00e3o, parte em ti!<br \/>Para tudo ser,<br \/>eu todo,<br \/>todo tempo.<\/p>\n","protected":false},"excerpt":{"rendered":"<p>Vens, tu que tens um sorriso a me darVens, entre os montes de tristeza, me acalmarTens meu cora\u00e7\u00e3o, por\u00e7\u00e3o da terra a percorrerTens m\u00e3os, cheias de \u00e1gua ao rosto lavarQue de mim, sabes o fim, e ainda o andar. Tens a vida, compartilhada no olharTens, da terra seca, p\u00e9s rachados, no guiarMas no fundo, esperan\u00e7a, [&hellip;]<\/p>\n","protected":false},"author":12,"featured_media":0,"comment_status":"open","ping_status":"open","sticky":false,"template":"","format":"standard","meta":{"ngg_post_thumbnail":0,"footnotes":""},"categories":[7655],"tags":[160],"class_list":["post-121","post","type-post","status-publish","format-standard","hentry","category-poesias","tag-poesia"],"_links":{"self":[{"href":"https:\/\/ultimato.com.br\/sites\/fatosecorrelatos\/wp-json\/wp\/v2\/posts\/121","targetHints":{"allow":["GET"]}}],"collection":[{"href":"https:\/\/ultimato.com.br\/sites\/fatosecorrelatos\/wp-json\/wp\/v2\/posts"}],"about":[{"href":"https:\/\/ultimato.com.br\/sites\/fatosecorrelatos\/wp-json\/wp\/v2\/types\/post"}],"author":[{"embeddable":true,"href":"https:\/\/ultimato.com.br\/sites\/fatosecorrelatos\/wp-json\/wp\/v2\/users\/12"}],"replies":[{"embeddable":true,"href":"https:\/\/ultimato.com.br\/sites\/fatosecorrelatos\/wp-json\/wp\/v2\/comments?post=121"}],"version-history":[{"count":1,"href":"https:\/\/ultimato.com.br\/sites\/fatosecorrelatos\/wp-json\/wp\/v2\/posts\/121\/revisions"}],"predecessor-version":[{"id":220,"href":"https:\/\/ultimato.com.br\/sites\/fatosecorrelatos\/wp-json\/wp\/v2\/posts\/121\/revisions\/220"}],"wp:attachment":[{"href":"https:\/\/ultimato.com.br\/sites\/fatosecorrelatos\/wp-json\/wp\/v2\/media?parent=121"}],"wp:term":[{"taxonomy":"category","embeddable":true,"href":"https:\/\/ultimato.com.br\/sites\/fatosecorrelatos\/wp-json\/wp\/v2\/categories?post=121"},{"taxonomy":"post_tag","embeddable":true,"href":"https:\/\/ultimato.com.br\/sites\/fatosecorrelatos\/wp-json\/wp\/v2\/tags?post=121"}],"curies":[{"name":"wp","href":"https:\/\/api.w.org\/{rel}","templated":true}]}}