{"id":1201,"date":"2014-08-13T10:30:11","date_gmt":"2014-08-13T13:30:11","guid":{"rendered":"http:\/\/ultimato.com.br\/sites\/fatosecorrelatos\/?p=1201"},"modified":"2014-08-15T18:45:19","modified_gmt":"2014-08-15T21:45:19","slug":"ladeiras-e-empurroes","status":"publish","type":"post","link":"https:\/\/ultimato.com.br\/sites\/fatosecorrelatos\/2014\/08\/13\/ladeiras-e-empurroes\/","title":{"rendered":"Ladeiras e empurr\u00f5es"},"content":{"rendered":"<p>Ladeira abaixo, todos nos empurram<br \/>\nVai ter com a pressa, menino!<\/p>\n<div><\/div>\n<p>O mundo corre,<br \/>\ne eu que gosto da vagareza do meio-dia, aprendo a correr tamb\u00e9m.<\/p>\n<div><\/div>\n<p>A vida nos empurra; n\u00e3o sem antes dar um sorriso ir\u00f4nico de quem se acha senhora do tempo.<\/p>\n<div><\/div>\n<p>A moto que ultrapassa o carro;<br \/>\nO carro que desafia a curva;<br \/>\nO pai que desaprende a olhar o filho;<br \/>\nA refei\u00e7\u00e3o que deixa de ser um momento para se tornar um intervalo.<\/p>\n<div><\/div>\n<p>Contam-se segundos, n\u00e3o estrelas.<br \/>\nCompram-se rel\u00f3gios, n\u00e3o livros.<\/p>\n<div><\/div>\n<p>Somos agitados, mas n\u00e3o conhecemos os movimentos da natureza.<\/p>\n<div><\/div>\n<p>De empurr\u00e3o em empurr\u00e3o,<br \/>\nA vida vai tornando-se artificial.<br \/>\nSem encontros, sem hist\u00f3ria, sem longas caminhadas, sem plan\u00edcies.<\/p>\n<div><\/div>\n<p>Apenas ladeiras e mais ladeiras.<\/p>\n","protected":false},"excerpt":{"rendered":"<p>Ladeira abaixo, todos nos empurram Vai ter com a pressa, menino! O mundo corre, e eu que gosto da vagareza do meio-dia, aprendo a correr tamb\u00e9m. A vida nos empurra; n\u00e3o sem antes dar um sorriso ir\u00f4nico de quem se acha senhora do tempo. A moto que ultrapassa o carro; O carro que desafia a [&hellip;]<\/p>\n","protected":false},"author":12,"featured_media":0,"comment_status":"open","ping_status":"open","sticky":false,"template":"","format":"standard","meta":{"ngg_post_thumbnail":0,"footnotes":""},"categories":[7655],"tags":[160,6048],"class_list":["post-1201","post","type-post","status-publish","format-standard","hentry","category-poesias","tag-poesia","tag-tempo"],"_links":{"self":[{"href":"https:\/\/ultimato.com.br\/sites\/fatosecorrelatos\/wp-json\/wp\/v2\/posts\/1201","targetHints":{"allow":["GET"]}}],"collection":[{"href":"https:\/\/ultimato.com.br\/sites\/fatosecorrelatos\/wp-json\/wp\/v2\/posts"}],"about":[{"href":"https:\/\/ultimato.com.br\/sites\/fatosecorrelatos\/wp-json\/wp\/v2\/types\/post"}],"author":[{"embeddable":true,"href":"https:\/\/ultimato.com.br\/sites\/fatosecorrelatos\/wp-json\/wp\/v2\/users\/12"}],"replies":[{"embeddable":true,"href":"https:\/\/ultimato.com.br\/sites\/fatosecorrelatos\/wp-json\/wp\/v2\/comments?post=1201"}],"version-history":[{"count":2,"href":"https:\/\/ultimato.com.br\/sites\/fatosecorrelatos\/wp-json\/wp\/v2\/posts\/1201\/revisions"}],"predecessor-version":[{"id":1203,"href":"https:\/\/ultimato.com.br\/sites\/fatosecorrelatos\/wp-json\/wp\/v2\/posts\/1201\/revisions\/1203"}],"wp:attachment":[{"href":"https:\/\/ultimato.com.br\/sites\/fatosecorrelatos\/wp-json\/wp\/v2\/media?parent=1201"}],"wp:term":[{"taxonomy":"category","embeddable":true,"href":"https:\/\/ultimato.com.br\/sites\/fatosecorrelatos\/wp-json\/wp\/v2\/categories?post=1201"},{"taxonomy":"post_tag","embeddable":true,"href":"https:\/\/ultimato.com.br\/sites\/fatosecorrelatos\/wp-json\/wp\/v2\/tags?post=1201"}],"curies":[{"name":"wp","href":"https:\/\/api.w.org\/{rel}","templated":true}]}}