{"id":120,"date":"2009-07-31T21:34:00","date_gmt":"2009-08-01T00:34:00","guid":{"rendered":"http:\/\/ultimato.com.br\/sites\/fatosecorrelatos\/2009\/07\/31\/com-dor-de-barriga-falando-sobre-o-mal\/"},"modified":"2010-09-25T18:52:31","modified_gmt":"2010-09-25T21:52:31","slug":"com-dor-de-barriga-falando-sobre-o-mal","status":"publish","type":"post","link":"https:\/\/ultimato.com.br\/sites\/fatosecorrelatos\/2009\/07\/31\/com-dor-de-barriga-falando-sobre-o-mal\/","title":{"rendered":"Com dor de barriga, falando sobre o mal"},"content":{"rendered":"<p><a href=\"http:\/\/2.bp.blogspot.com\/_oPpAxASUdJ8\/SnOTp1t1ybI\/AAAAAAAAAJY\/5vYO7IJoT_U\/s1600-h\/abismo_caindo.bmp\" class=\"lightview\" data-lightview-group=\"group-120\" data-lightview-options=\"skin: 'dark', controls: 'relative', padding: '10', shadow: { color: '#000000', opacity: 0.08, blur: 3 }\"><img decoding=\"async\" alt=\"\" src=\"http:\/\/2.bp.blogspot.com\/_oPpAxASUdJ8\/SnOTp1t1ybI\/AAAAAAAAAJY\/5vYO7IJoT_U\/s200\/abismo_caindo.bmp\" border=\"0\" \/><\/a><br \/>Fui acometido de uma poss\u00edvel infec\u00e7\u00e3o intestinal. N\u00e3o entendo muito de sa\u00fade, mas quando eu pr\u00f3prio sou o doente \u00e9 inevit\u00e1vel pensar nela. Imagino o que poderia ter causado este mau-estar: talvez o peixe que comi no almo\u00e7o ou mesmo o salgadinho durante a viagem do Rio para Belo Horizonte na quarta-feira.<br \/>A verdade \u00e9 que sempre h\u00e1 uma causa, e sempre h\u00e1 uma consequ\u00eancia diante da realidade, boa ou ruim (neste caso, ruim). N\u00e3o que isso seja imediato ou previs\u00edvel, como muitos teorizam. Mas o fato \u00e9 que somos cercados pelo mal e suas rela\u00e7\u00f5es perversas. Acho que pensamos pouco a respeito disso. Ou seja, o mal n\u00e3o \u00e9 somente uma categoria isolada (seja espiritual, social ou econ\u00f4mica). Ele se faz nas rela\u00e7\u00f5es ou nos elos que ligam uma a\u00e7\u00e3o a outra.<br \/>Por exemplo, o assassinato de adolescentes. Segundo estat\u00edsticas divulgadas recentemente, de 2006 a 2012 ir\u00e3o morrer 33 mil adolescentes entre 12 e 18 anos em 267 munic\u00edpios brasileiros. O assassinato em si n\u00e3o pode ser lido como um fato \u00fanico. Ele est\u00e1 ligado tamb\u00e9m \u00e0 injusti\u00e7a nas quest\u00f5es de ra\u00e7a, g\u00eanero, idade, e territ\u00f3rios. Ou seja, o mal pode ser mais intenso quando se conjuga a outros fatores ou elos de iniquidade.<br \/>Precisamos aprender a ler a B\u00edblia e a realidade a partir desta perpectiva. Assim, poderemos enfrentar com mais maturidade as consequ\u00eancias da atua\u00e7\u00e3o do mal.<br \/>Se lermos o relato de Marcos sobre a pris\u00e3o e a morte de Jesus (cap\u00edtulos 14 e 15), chegaremos \u00e0 conclus\u00e3o de que as sucessivas a\u00e7\u00f5es do mal foram feitas por diferentes personagens: Judas, os guardas, os mestres da lei, o sumo-sacerdote, o povo, Pilatos&#8230; E ainda no cap\u00edtulo 14, a exorta\u00e7\u00e3o de Jesus a seus disc\u00edpulos nos alerta que esta conjuga\u00e7\u00e3o do mal come\u00e7a dentro de n\u00f3s mesmos: &#8220;a carne \u00e9 fraca&#8221; (Mc 14.38)<br \/>Para enfrentar essa &#8220;corrente do mal&#8221; precisamos inevitavelmente fazer parte de uma &#8220;rede do bem&#8221;. Para tanto, devemos estar unidos, em nome de Jesus.<\/p>\n<p>PS.: Depois de muitos ch\u00e1s, alimenta\u00e7\u00e3o regrada e descanso, j\u00e1 me sinto bem melhor do est\u00f4mago.<\/p>\n","protected":false},"excerpt":{"rendered":"<p>Fui acometido de uma poss\u00edvel infec\u00e7\u00e3o intestinal. N\u00e3o entendo muito de sa\u00fade, mas quando eu pr\u00f3prio sou o doente \u00e9 inevit\u00e1vel pensar nela. Imagino o que poderia ter causado este mau-estar: talvez o peixe que comi no almo\u00e7o ou mesmo o salgadinho durante a viagem do Rio para Belo Horizonte na quarta-feira.A verdade \u00e9 que [&hellip;]<\/p>\n","protected":false},"author":12,"featured_media":0,"comment_status":"open","ping_status":"open","sticky":false,"template":"","format":"standard","meta":{"ngg_post_thumbnail":0,"footnotes":""},"categories":[114],"tags":[7605,5714],"class_list":["post-120","post","type-post","status-publish","format-standard","hentry","category-artigos","tag-fatos","tag-mal"],"_links":{"self":[{"href":"https:\/\/ultimato.com.br\/sites\/fatosecorrelatos\/wp-json\/wp\/v2\/posts\/120","targetHints":{"allow":["GET"]}}],"collection":[{"href":"https:\/\/ultimato.com.br\/sites\/fatosecorrelatos\/wp-json\/wp\/v2\/posts"}],"about":[{"href":"https:\/\/ultimato.com.br\/sites\/fatosecorrelatos\/wp-json\/wp\/v2\/types\/post"}],"author":[{"embeddable":true,"href":"https:\/\/ultimato.com.br\/sites\/fatosecorrelatos\/wp-json\/wp\/v2\/users\/12"}],"replies":[{"embeddable":true,"href":"https:\/\/ultimato.com.br\/sites\/fatosecorrelatos\/wp-json\/wp\/v2\/comments?post=120"}],"version-history":[{"count":2,"href":"https:\/\/ultimato.com.br\/sites\/fatosecorrelatos\/wp-json\/wp\/v2\/posts\/120\/revisions"}],"predecessor-version":[{"id":275,"href":"https:\/\/ultimato.com.br\/sites\/fatosecorrelatos\/wp-json\/wp\/v2\/posts\/120\/revisions\/275"}],"wp:attachment":[{"href":"https:\/\/ultimato.com.br\/sites\/fatosecorrelatos\/wp-json\/wp\/v2\/media?parent=120"}],"wp:term":[{"taxonomy":"category","embeddable":true,"href":"https:\/\/ultimato.com.br\/sites\/fatosecorrelatos\/wp-json\/wp\/v2\/categories?post=120"},{"taxonomy":"post_tag","embeddable":true,"href":"https:\/\/ultimato.com.br\/sites\/fatosecorrelatos\/wp-json\/wp\/v2\/tags?post=120"}],"curies":[{"name":"wp","href":"https:\/\/api.w.org\/{rel}","templated":true}]}}