{"id":1195,"date":"2014-07-23T14:10:24","date_gmt":"2014-07-23T17:10:24","guid":{"rendered":"http:\/\/ultimato.com.br\/sites\/fatosecorrelatos\/?p=1195"},"modified":"2014-07-23T14:12:31","modified_gmt":"2014-07-23T17:12:31","slug":"fantasia-de-nao-viver","status":"publish","type":"post","link":"https:\/\/ultimato.com.br\/sites\/fatosecorrelatos\/2014\/07\/23\/fantasia-de-nao-viver\/","title":{"rendered":"Fantasia de n\u00e3o viver"},"content":{"rendered":"<div><\/div>\n<div>\n<p>A armadilha mais perigosa de se viver na fantasia n\u00e3o \u00e9 fugir da realidade; \u00e9 viver menos o que se poderia viver. Ao escolherem o irreal, os viciados em fantasia tamb\u00e9m escolhem viver miseravelmente, caminhar aqu\u00e9m do potencial de plenitude que a vida oferece.<\/p>\n<p>Nossos olhos n\u00e3o enxergam mais t\u00e3o bem o concreto, o tempo, o trabalho, a luta. Tudo \u00e9 meio que desimportante diante dos benef\u00edcios de experimentarmos o que n\u00e3o conquistamos, mas que, de alguma forma, est\u00e1 t\u00e3o facilmente \u00e0 nossa disposi\u00e7\u00e3o. Aparentemente f\u00e1cil.<\/p>\n<p>A ru\u00edna da nossa gera\u00e7\u00e3o n\u00e3o est\u00e1 no uso das novas tecnologias, no excesso de trabalho ou na indiferen\u00e7a com o pr\u00f3ximo. Isso sempre existiu (quero dizer, a apropria\u00e7\u00e3o dos instrumentos que inventamos, dedicarmo-nos desequilibradamente ao trabalho ou n\u00e3o sermos assim t\u00e3o solid\u00e1rios). Nossa ru\u00edna \u00e9 perder a sensibilidade para a vida, para a complexidade que \u00e9 viver, para as derrotas, para os perigos, para as tenta\u00e7\u00f5es, para a salva\u00e7\u00e3o.<\/p>\n<p>N\u00e3o, n\u00e3o \u00e9 pessimismo. Ao contr\u00e1rio, \u00e9 reconhecer todo o bem que h\u00e1, e que s\u00f3 ser\u00e1 realmente visto se n\u00e3o ignorarmos os desconfortos. A gratid\u00e3o verdadeira nasce da luta que se vence, do perd\u00e3o que se recebe diante dos erros, do consolo que surge quando a tristeza toma conta.<\/p>\n<p>Nisso o convite de Jesus \u00e9 completamente real: &#8220;vinde a mim todos os cansados e sobrecarregados&#8221;. N\u00e3o se trata de uma fuga, mas de um encontro. Fug\u00edamos antes. Agora n\u00e3o \u00e9 mais necess\u00e1rio. Agora temos a vida.<\/p>\n<\/div>\n","protected":false},"excerpt":{"rendered":"<p>A armadilha mais perigosa de se viver na fantasia n\u00e3o \u00e9 fugir da realidade; \u00e9 viver menos o que se poderia viver. Ao escolherem o irreal, os viciados em fantasia tamb\u00e9m escolhem viver miseravelmente, caminhar aqu\u00e9m do potencial de plenitude que a vida oferece. Nossos olhos n\u00e3o enxergam mais t\u00e3o bem o concreto, o tempo, [&hellip;]<\/p>\n","protected":false},"author":12,"featured_media":0,"comment_status":"open","ping_status":"open","sticky":false,"template":"","format":"standard","meta":{"ngg_post_thumbnail":0,"footnotes":""},"categories":[114],"tags":[8433],"class_list":["post-1195","post","type-post","status-publish","format-standard","hentry","category-artigos","tag-filosofia"],"_links":{"self":[{"href":"https:\/\/ultimato.com.br\/sites\/fatosecorrelatos\/wp-json\/wp\/v2\/posts\/1195","targetHints":{"allow":["GET"]}}],"collection":[{"href":"https:\/\/ultimato.com.br\/sites\/fatosecorrelatos\/wp-json\/wp\/v2\/posts"}],"about":[{"href":"https:\/\/ultimato.com.br\/sites\/fatosecorrelatos\/wp-json\/wp\/v2\/types\/post"}],"author":[{"embeddable":true,"href":"https:\/\/ultimato.com.br\/sites\/fatosecorrelatos\/wp-json\/wp\/v2\/users\/12"}],"replies":[{"embeddable":true,"href":"https:\/\/ultimato.com.br\/sites\/fatosecorrelatos\/wp-json\/wp\/v2\/comments?post=1195"}],"version-history":[{"count":3,"href":"https:\/\/ultimato.com.br\/sites\/fatosecorrelatos\/wp-json\/wp\/v2\/posts\/1195\/revisions"}],"predecessor-version":[{"id":1198,"href":"https:\/\/ultimato.com.br\/sites\/fatosecorrelatos\/wp-json\/wp\/v2\/posts\/1195\/revisions\/1198"}],"wp:attachment":[{"href":"https:\/\/ultimato.com.br\/sites\/fatosecorrelatos\/wp-json\/wp\/v2\/media?parent=1195"}],"wp:term":[{"taxonomy":"category","embeddable":true,"href":"https:\/\/ultimato.com.br\/sites\/fatosecorrelatos\/wp-json\/wp\/v2\/categories?post=1195"},{"taxonomy":"post_tag","embeddable":true,"href":"https:\/\/ultimato.com.br\/sites\/fatosecorrelatos\/wp-json\/wp\/v2\/tags?post=1195"}],"curies":[{"name":"wp","href":"https:\/\/api.w.org\/{rel}","templated":true}]}}