{"id":1164,"date":"2014-05-12T08:44:20","date_gmt":"2014-05-12T11:44:20","guid":{"rendered":"http:\/\/ultimato.com.br\/sites\/fatosecorrelatos\/?p=1164"},"modified":"2014-05-12T08:44:20","modified_gmt":"2014-05-12T11:44:20","slug":"nao-e-sobre-o-dia-das-maes","status":"publish","type":"post","link":"https:\/\/ultimato.com.br\/sites\/fatosecorrelatos\/2014\/05\/12\/nao-e-sobre-o-dia-das-maes\/","title":{"rendered":"N\u00e3o \u00e9 sobre o Dia das M\u00e3es"},"content":{"rendered":"<p>N\u00e3o, n\u00e3o se trata de doses a\u00e7ucaradas de palavras. \u00c9 sobre quem acolheu o in\u00edcio de nossas hist\u00f3rias em seu pr\u00f3prio ventre. \u00c9 sobre quem teve que lidar com a ansiedade da espera, foi obrigada a encontrar cura para o filho doente onde n\u00e3o havia m\u00e9dicos nem hospitais e precisou trabalhar em tr\u00eas turnos di\u00e1rios para sustentar a fam\u00edlia.<\/p>\n<p>Esta mensagem n\u00e3o \u00e9 sobre o Dia das M\u00e3es. \u00c9 sobre n\u00f3s mesmos, sobre nossa rela\u00e7\u00e3o com o passado. \u00c9 sobre o amor que se forma &#8212; n\u00e3o nas prateleiras de supermercado, nem na ilus\u00e3o de uma noite de ver\u00e3o. Falo do amor que nasce na dor, que toma forma na rela\u00e7\u00e3o \u00edntima e c\u00famplice e que se torna incondicional na teimosia e perseveran\u00e7a de quem aposta tudo no outro.<\/p>\n<p>Este texto \u00e9 sobre uma verdade incr\u00edvel: nossas m\u00e3es s\u00e3o um memorial (talvez o maior de todos) de que ainda somos gente, que viemos de gente, que o que, afinal, nos sustenta s\u00e3o as pessoas. N\u00e3o importa se somos ricos ou pobres, homem ou mulher&#8230;\u00a0 nossas mem\u00f3rias mais \u00edntimas s\u00e3o marcadas pela rela\u00e7\u00e3o maternal que tivemos ou que infelizmente nos faltou.<\/p>\n<p>N\u00e3o \u00e9 sobre o Dia das M\u00e3es. \u00c9 sobre a humanidade.<\/p>\n","protected":false},"excerpt":{"rendered":"<p>N\u00e3o, n\u00e3o se trata de doses a\u00e7ucaradas de palavras. \u00c9 sobre quem acolheu o in\u00edcio de nossas hist\u00f3rias em seu pr\u00f3prio ventre. \u00c9 sobre quem teve que lidar com a ansiedade da espera, foi obrigada a encontrar cura para o filho doente onde n\u00e3o havia m\u00e9dicos nem hospitais e precisou trabalhar em tr\u00eas turnos di\u00e1rios [&hellip;]<\/p>\n","protected":false},"author":12,"featured_media":0,"comment_status":"open","ping_status":"open","sticky":false,"template":"","format":"standard","meta":{"ngg_post_thumbnail":0,"footnotes":""},"categories":[114],"tags":[7601,5732,16539],"class_list":["post-1164","post","type-post","status-publish","format-standard","hentry","category-artigos","tag-humanidade","tag-mae","tag-maternidade"],"_links":{"self":[{"href":"https:\/\/ultimato.com.br\/sites\/fatosecorrelatos\/wp-json\/wp\/v2\/posts\/1164","targetHints":{"allow":["GET"]}}],"collection":[{"href":"https:\/\/ultimato.com.br\/sites\/fatosecorrelatos\/wp-json\/wp\/v2\/posts"}],"about":[{"href":"https:\/\/ultimato.com.br\/sites\/fatosecorrelatos\/wp-json\/wp\/v2\/types\/post"}],"author":[{"embeddable":true,"href":"https:\/\/ultimato.com.br\/sites\/fatosecorrelatos\/wp-json\/wp\/v2\/users\/12"}],"replies":[{"embeddable":true,"href":"https:\/\/ultimato.com.br\/sites\/fatosecorrelatos\/wp-json\/wp\/v2\/comments?post=1164"}],"version-history":[{"count":1,"href":"https:\/\/ultimato.com.br\/sites\/fatosecorrelatos\/wp-json\/wp\/v2\/posts\/1164\/revisions"}],"predecessor-version":[{"id":1165,"href":"https:\/\/ultimato.com.br\/sites\/fatosecorrelatos\/wp-json\/wp\/v2\/posts\/1164\/revisions\/1165"}],"wp:attachment":[{"href":"https:\/\/ultimato.com.br\/sites\/fatosecorrelatos\/wp-json\/wp\/v2\/media?parent=1164"}],"wp:term":[{"taxonomy":"category","embeddable":true,"href":"https:\/\/ultimato.com.br\/sites\/fatosecorrelatos\/wp-json\/wp\/v2\/categories?post=1164"},{"taxonomy":"post_tag","embeddable":true,"href":"https:\/\/ultimato.com.br\/sites\/fatosecorrelatos\/wp-json\/wp\/v2\/tags?post=1164"}],"curies":[{"name":"wp","href":"https:\/\/api.w.org\/{rel}","templated":true}]}}