{"id":113,"date":"2009-04-21T07:36:00","date_gmt":"2009-04-21T10:36:00","guid":{"rendered":"http:\/\/ultimato.com.br\/sites\/fatosecorrelatos\/2009\/04\/21\/tuas-maos\/"},"modified":"2010-09-24T17:25:30","modified_gmt":"2010-09-24T20:25:30","slug":"tuas-maos","status":"publish","type":"post","link":"https:\/\/ultimato.com.br\/sites\/fatosecorrelatos\/2009\/04\/21\/tuas-maos\/","title":{"rendered":"Tuas m\u00e3os"},"content":{"rendered":"<div><a href=\"http:\/\/2.bp.blogspot.com\/_oPpAxASUdJ8\/Se2mCn6w2II\/AAAAAAAAAJA\/GXrvVIUQUB0\/s1600-h\/DSC_9424_reduz.JPG\" class=\"lightview\" data-lightview-group=\"group-113\" data-lightview-options=\"skin: 'dark', controls: 'relative', padding: '10', shadow: { color: '#000000', opacity: 0.08, blur: 3 }\"><img decoding=\"async\" alt=\"\" src=\"http:\/\/2.bp.blogspot.com\/_oPpAxASUdJ8\/Se2mCn6w2II\/AAAAAAAAAJA\/GXrvVIUQUB0\/s200\/DSC_9424_reduz.JPG\" border=\"0\" \/><\/a><br \/>\n<\/div>\n<p> <!--  \/* Style Definitions *\/  p.MsoNormal, li.MsoNormal, div.MsoNormal \t{mso-style-parent:\"\"; \tmargin:0cm; \tmargin-bottom:.0001pt; \tmso-pagination:widow-orphan; \tfont-size:12.0pt; \tfont-family:\"Times New Roman\"; \tmso-fareast-font-family:\"Times New Roman\";} @page Section1 \t{size:612.0pt 792.0pt; \tmargin:70.85pt 3.0cm 70.85pt 3.0cm; \tmso-header-margin:36.0pt; \tmso-footer-margin:36.0pt; \tmso-paper-source:0;} div.Section1 \t{page:Section1;} --> <\/p>\n<p class=\"MsoNormal\">\n<\/p>\n<p class=\"MsoNormal\">\n<\/p>\n<p class=\"MsoNormal\" style=\"font-family:trebuchet ms\"><span style=\"font-size:85%\"><br \/>\n<br \/><\/span><\/p>\n<p class=\"MsoNormal\" style=\"font-family:trebuchet ms\"><span style=\"font-size:85%\"><br \/>\n<br \/><\/span><\/p>\n<p><span style=\"font-family:trebuchet ms\"><\/p>\n<p><span style=\"font-size:85%\">Tuas m\u00e3os, pesadas pelo vento,<br \/>\n<br \/>S\u00e3o meus p\u00e1ssaros-guias.<br \/>\n<br \/>Eu que sou assim, lento,<br \/>\n<br \/>Vejo tuas cores e vias.<\/span><\/span><\/p>\n<p class=\"MsoNormal\" style=\"font-family:trebuchet ms\"><span style=\"font-family:trebuchet ms;font-size:85%\">Seco e escuro som.<br \/>\n<br \/>Pela rua sozinha, caminho.<\/span><\/p>\n<p class=\"MsoNormal\" style=\"font-family:trebuchet ms\"><span style=\"font-family:trebuchet ms;font-size:85%\">Do sil\u00eancio que \u00e9 bom,<\/span><\/p>\n<p class=\"MsoNormal\" style=\"font-family:trebuchet ms\"><span style=\"font-family:trebuchet ms;font-size:85%\">Ou\u00e7o palavras e um hino.<\/span><\/p>\n<p class=\"MsoNormal\" style=\"font-family:trebuchet ms\">\n<\/p>\n<p class=\"MsoNormal\" style=\"font-family:trebuchet ms\"><span style=\"font-family:trebuchet ms;font-size:85%\">Tuas m\u00e3os, machucadas pelo tempo,<\/span><\/p>\n<p class=\"MsoNormal\" style=\"font-family:trebuchet ms\"><span style=\"font-family:trebuchet ms;font-size:85%\">S\u00e3o meu vivo memorial;<\/span><\/p>\n<p class=\"MsoNormal\" style=\"font-family:trebuchet ms\"><span style=\"font-family:trebuchet ms;font-size:85%\">Eu que sou em mim, esquecimento,<\/span><\/p>\n<p class=\"MsoNormal\" style=\"font-family:trebuchet ms\"><span style=\"font-family:trebuchet ms;font-size:85%\">Lembro do in\u00edcio e do final.<\/span><\/p>\n<p class=\"MsoNormal\" style=\"font-family:trebuchet ms\">\n<\/p>\n<p class=\"MsoNormal\" style=\"font-family:trebuchet ms\"><span style=\"font-family:trebuchet ms;font-size:85%\">Reto e obtuso tom.<\/span><\/p>\n<p class=\"MsoNormal\" style=\"font-family:trebuchet ms\"><span style=\"font-family:trebuchet ms;font-size:85%\">Pela penumbra do destino,<\/span><\/p>\n<p class=\"MsoNormal\" style=\"font-family:trebuchet ms\"><span style=\"font-family:trebuchet ms;font-size:85%\">De olhos, feito neon,<\/span><\/p>\n<p class=\"MsoNormal\" style=\"font-family:trebuchet ms\"><span style=\"font-family:trebuchet ms;font-size:85%\">De dedos em meu desatino.<\/span><\/p>\n<p class=\"MsoNormal\" style=\"font-family:trebuchet ms\">\n<\/p>\n<p class=\"MsoNormal\" style=\"font-family:trebuchet ms\"><span style=\"font-family:trebuchet ms;font-size:85%\">Tuas m\u00e3os, claras como o sol,<\/span><\/p>\n<p class=\"MsoNormal\" style=\"font-family:trebuchet ms\"><span style=\"font-family:trebuchet ms;font-size:85%\">Descobrem todas as sombras;<\/span><\/p>\n<p class=\"MsoNormal\" style=\"font-family:trebuchet ms\"><span style=\"font-family:trebuchet ms;font-size:85%\">Eu que sou em ti, girassol,<\/span><\/p>\n<p class=\"MsoNormal\"><span style=\"font-family:trebuchet ms;font-size:85%\">Sinto j\u00e1 o que me tomas.<\/span><\/p>\n<p class=\"MsoNormal\">\n<\/p>\n<p class=\"MsoNormal\"><span style=\"font-family:trebuchet ms;font-size:85%\">Oh m\u00e3os que ajudam,<\/span><\/p>\n<p class=\"MsoNormal\"><span style=\"font-family:trebuchet ms;font-size:85%\">A trilhar-me, sem parar.<\/span><\/p>\n<p class=\"MsoNormal\" style=\"font-family:trebuchet ms\"><span style=\"font-family:trebuchet ms;font-size:85%\">Faz-se eterna, terna no estar.<\/span><\/p>\n<p class=\"MsoNormal\"><span style=\"font-family:trebuchet ms;font-size:85%\">Tua tez \u00e9 dos que amam,<\/span><\/p>\n<p class=\"MsoNormal\"><span style=\"font-family:trebuchet ms;font-size:85%\">Enquanto o desamparo continuar.<\/span><\/p>\n<p class=\"MsoNormal\"><span style=\"font-size:85%\"><br \/>\n<br \/><\/span><\/p>\n<p class=\"MsoNormal\"><span style=\"font-family:trebuchet ms;font-size:85%\">Escrevi este poema no dia 04 de outubro de 2008. S\u00f3 agora resolvi public\u00e1-lo.<\/span><br \/><\/p>\n","protected":false},"excerpt":{"rendered":"<p>Tuas m\u00e3os, pesadas pelo vento, S\u00e3o meus p\u00e1ssaros-guias. Eu que sou assim, lento, Vejo tuas cores e vias. Seco e escuro som. Pela rua sozinha, caminho. Do sil\u00eancio que \u00e9 bom, Ou\u00e7o palavras e um hino. Tuas m\u00e3os, machucadas pelo tempo, S\u00e3o meu vivo memorial; Eu que sou em mim, esquecimento, Lembro do in\u00edcio e [&hellip;]<\/p>\n","protected":false},"author":12,"featured_media":0,"comment_status":"open","ping_status":"open","sticky":false,"template":"","format":"standard","meta":{"ngg_post_thumbnail":0,"footnotes":""},"categories":[7655],"tags":[160],"class_list":["post-113","post","type-post","status-publish","format-standard","hentry","category-poesias","tag-poesia"],"_links":{"self":[{"href":"https:\/\/ultimato.com.br\/sites\/fatosecorrelatos\/wp-json\/wp\/v2\/posts\/113","targetHints":{"allow":["GET"]}}],"collection":[{"href":"https:\/\/ultimato.com.br\/sites\/fatosecorrelatos\/wp-json\/wp\/v2\/posts"}],"about":[{"href":"https:\/\/ultimato.com.br\/sites\/fatosecorrelatos\/wp-json\/wp\/v2\/types\/post"}],"author":[{"embeddable":true,"href":"https:\/\/ultimato.com.br\/sites\/fatosecorrelatos\/wp-json\/wp\/v2\/users\/12"}],"replies":[{"embeddable":true,"href":"https:\/\/ultimato.com.br\/sites\/fatosecorrelatos\/wp-json\/wp\/v2\/comments?post=113"}],"version-history":[{"count":1,"href":"https:\/\/ultimato.com.br\/sites\/fatosecorrelatos\/wp-json\/wp\/v2\/posts\/113\/revisions"}],"predecessor-version":[{"id":221,"href":"https:\/\/ultimato.com.br\/sites\/fatosecorrelatos\/wp-json\/wp\/v2\/posts\/113\/revisions\/221"}],"wp:attachment":[{"href":"https:\/\/ultimato.com.br\/sites\/fatosecorrelatos\/wp-json\/wp\/v2\/media?parent=113"}],"wp:term":[{"taxonomy":"category","embeddable":true,"href":"https:\/\/ultimato.com.br\/sites\/fatosecorrelatos\/wp-json\/wp\/v2\/categories?post=113"},{"taxonomy":"post_tag","embeddable":true,"href":"https:\/\/ultimato.com.br\/sites\/fatosecorrelatos\/wp-json\/wp\/v2\/tags?post=113"}],"curies":[{"name":"wp","href":"https:\/\/api.w.org\/{rel}","templated":true}]}}