{"id":1124,"date":"2014-01-29T06:58:43","date_gmt":"2014-01-29T09:58:43","guid":{"rendered":"http:\/\/ultimato.com.br\/sites\/fatosecorrelatos\/?p=1124"},"modified":"2014-01-29T06:58:43","modified_gmt":"2014-01-29T09:58:43","slug":"a-liberdade-do-homem","status":"publish","type":"post","link":"https:\/\/ultimato.com.br\/sites\/fatosecorrelatos\/2014\/01\/29\/a-liberdade-do-homem\/","title":{"rendered":"A liberdade do homem"},"content":{"rendered":"<div>\n<div>\n<div>&#8220;Hoje,\u00a0 mas do que nunca, o homem aprisionado est\u00e1 buscando sua emancipa\u00e7\u00e3o e\u00a0sua liberdade. Sua trag\u00e9dia \u00e9 que ele busca a liberdade por meios que o\u00a0 levam a uma escravid\u00e3o ainda maior. A liberdade \u00e9 uma coisa espiritual,\u00a0 uma realidade sagrada e religiosa, cujas ra\u00edzes est\u00e3o em Deus e n\u00e3o no\u00a0homem, pois a liberdade do homem, que faz deste mundo imagem de Deus, \u00e9\u00a0 uma participa\u00e7\u00e3o na liberdade de Deus. O homem \u00e9 livre na medida em que \u00e9\u00a0 semelhante a Deus.&#8221;<\/div>\n<div><a href=\"http:\/\/r20.rs6.net\/tn.jsp?f=001rGQWM_-M-hm33qUQzDP5qfweIo5Z1l7KbQTmwmdM7EXk1BNZ0W4lR7J4E-OCdwR2Yja92QLDGpeuYq7SBUF3OMyYji0vZugrIDc1R8F9HB9GB7PjQ5rKOLvkdg6ABGSziA_39dWUyWWVyKxDX__DeWfIeUzFlGk0gi-LXYpFy87XdO3PS8eLxJEPyhmOqi-9uifx1L5Oh7FKSMfOkSx6lmcFZOT-6mrVOMxrwe-CswYOcua_FhYepw==&amp;c=Mt9cx7-T0BIiK0m9pjiMJ6pMKUBKOgYf2laRM-d-qdVMk1wecKQp8Q==&amp;ch=mNkO1FR-O9k_TZf_t62x2z_6d8OfQ6LehplsO38q-A8KMbMHP08cOw==\" target=\"_blank\" shape=\"rect\">A experi\u00eancia interior, Thomas Merton (Martins Fontes, 2007) p\u00e1g. 220 e 221 <\/a><\/div>\n<\/div>\n<\/div>\n","protected":false},"excerpt":{"rendered":"<p>&#8220;Hoje,\u00a0 mas do que nunca, o homem aprisionado est\u00e1 buscando sua emancipa\u00e7\u00e3o e\u00a0sua liberdade. Sua trag\u00e9dia \u00e9 que ele busca a liberdade por meios que o\u00a0 levam a uma escravid\u00e3o ainda maior. A liberdade \u00e9 uma coisa espiritual,\u00a0 uma realidade sagrada e religiosa, cujas ra\u00edzes est\u00e3o em Deus e n\u00e3o no\u00a0homem, pois a liberdade do [&hellip;]<\/p>\n","protected":false},"author":12,"featured_media":0,"comment_status":"open","ping_status":"open","sticky":false,"template":"","format":"standard","meta":{"ngg_post_thumbnail":0,"footnotes":""},"categories":[7656],"tags":[5697,15621],"class_list":["post-1124","post","type-post","status-publish","format-standard","hentry","category-outras-vozes","tag-liberdade","tag-thomas-merton"],"_links":{"self":[{"href":"https:\/\/ultimato.com.br\/sites\/fatosecorrelatos\/wp-json\/wp\/v2\/posts\/1124","targetHints":{"allow":["GET"]}}],"collection":[{"href":"https:\/\/ultimato.com.br\/sites\/fatosecorrelatos\/wp-json\/wp\/v2\/posts"}],"about":[{"href":"https:\/\/ultimato.com.br\/sites\/fatosecorrelatos\/wp-json\/wp\/v2\/types\/post"}],"author":[{"embeddable":true,"href":"https:\/\/ultimato.com.br\/sites\/fatosecorrelatos\/wp-json\/wp\/v2\/users\/12"}],"replies":[{"embeddable":true,"href":"https:\/\/ultimato.com.br\/sites\/fatosecorrelatos\/wp-json\/wp\/v2\/comments?post=1124"}],"version-history":[{"count":1,"href":"https:\/\/ultimato.com.br\/sites\/fatosecorrelatos\/wp-json\/wp\/v2\/posts\/1124\/revisions"}],"predecessor-version":[{"id":1125,"href":"https:\/\/ultimato.com.br\/sites\/fatosecorrelatos\/wp-json\/wp\/v2\/posts\/1124\/revisions\/1125"}],"wp:attachment":[{"href":"https:\/\/ultimato.com.br\/sites\/fatosecorrelatos\/wp-json\/wp\/v2\/media?parent=1124"}],"wp:term":[{"taxonomy":"category","embeddable":true,"href":"https:\/\/ultimato.com.br\/sites\/fatosecorrelatos\/wp-json\/wp\/v2\/categories?post=1124"},{"taxonomy":"post_tag","embeddable":true,"href":"https:\/\/ultimato.com.br\/sites\/fatosecorrelatos\/wp-json\/wp\/v2\/tags?post=1124"}],"curies":[{"name":"wp","href":"https:\/\/api.w.org\/{rel}","templated":true}]}}