{"id":110,"date":"2009-03-29T06:40:00","date_gmt":"2009-03-29T09:40:00","guid":{"rendered":"http:\/\/ultimato.com.br\/sites\/fatosecorrelatos\/2009\/03\/29\/a-escolha-de-deus\/"},"modified":"2010-09-25T18:53:25","modified_gmt":"2010-09-25T21:53:25","slug":"a-escolha-de-deus","status":"publish","type":"post","link":"https:\/\/ultimato.com.br\/sites\/fatosecorrelatos\/2009\/03\/29\/a-escolha-de-deus\/","title":{"rendered":"A escolha de Deus"},"content":{"rendered":"<p><!--[if gte mso 9]&gt;     Normal   0   21         false   false   false                             MicrosoftInternetExplorer4   &lt;![endif]--><!--[if gte mso 9]&gt;     &lt;![endif]--> <!--  \/* Style Definitions *\/  p.MsoNormal, li.MsoNormal, div.MsoNormal  {mso-style-parent:\"\";  margin:0cm;  margin-bottom:.0001pt;  mso-pagination:widow-orphan;  font-size:12.0pt;  font-family:\"Times New Roman\";  mso-fareast-font-family:\"Times New Roman\";} @page Section1  {size:612.0pt 792.0pt;  margin:70.85pt 3.0cm 70.85pt 3.0cm;  mso-header-margin:36.0pt;  mso-footer-margin:36.0pt;  mso-paper-source:0;} div.Section1  {page:Section1;} --> <!--[if gte mso 10]&gt;   \/* Style Definitions *\/  table.MsoNormalTable  {mso-style-name:\"Tabela normal\";  mso-tstyle-rowband-size:0;  mso-tstyle-colband-size:0;  mso-style-noshow:yes;  mso-style-parent:\"\";  mso-padding-alt:0cm 5.4pt 0cm 5.4pt;  mso-para-margin:0cm;  mso-para-margin-bottom:.0001pt;  mso-pagination:widow-orphan;  font-size:10.0pt;  font-family:\"Times New Roman\";  mso-ansi-language:#0400;  mso-fareast-language:#0400;  mso-bidi-language:#0400;}  &lt;![endif]-->  <\/p>\n<p class=\"MsoNormal\" style=\"margin: 6pt 0cm;font-family:trebuchet ms\"><span style=\"font-size:85%\">Nossas fragilidades n\u00e3o s\u00e3o obst\u00e1culos para a obra de Deus. Pelo contr\u00e1rio, s\u00e3o meios para ele expressar seu car\u00e1ter. Neste caso, \u00e1gua e \u00f3leo n\u00e3o apenas se misturam sim como tamb\u00e9m se conjugam para criar uma receita deliciosa. Por isso, Mois\u00e9s declara em sua ora\u00e7\u00e3o: &#8220;consolida, para n\u00f3s, a obra de nossas m\u00e3os&#8221;. (Sl 90.17).<\/span><\/p>\n<p class=\"MsoNormal\" style=\"margin: 6pt 0cm;font-family:trebuchet ms\"><span style=\"font-size:85%\"><span>A principal maneira de Deus agir neste mundo \u00e9 por meio do ser humano.<i> <\/i><\/span>Por isso, a igreja \u00e9 t\u00e3o importante e faz tanto sentido. \u00c9 pos isso tamb\u00e9m que Paulo nos lembra a linha de liga\u00e7\u00e3o da a\u00e7\u00e3o salvadora de Deus que tem a humanidade como pe\u00e7a principal: por um homem entrou o pecado; por outro homem (Jesus Cristo), veio a salva\u00e7\u00e3o (Rm 5.12-17). Ali\u00e1s, a maior prova desta escolha \u00e9 a vinda de Deus como homem para salvar o homem.<\/span><\/p>\n<p class=\"MsoNormal\" style=\"margin: 6pt 0cm;font-family:trebuchet ms\"><span style=\"font-size:85%\">Esse \u00e9 o jeito de Deus agir. Muitos podem n\u00e3o concordar com ele, mas esse \u00e9 o jeito de Deus. Tanto que ele resolveu se revelar em um livro escrito por homens e por meio de hist\u00f3rias suas com os seres humanos. A natureza, os animais, os anjos&#8230; todos eles s\u00e3o tamb\u00e9m meios de Deus agir, mas nenhum se iguala ao ser humano. <\/span><\/p>\n<p class=\"MsoNormal\" style=\"margin: 6pt 0cm;font-family:trebuchet ms\"><span style=\"font-size:85%\">E \u00e9 por isso tamb\u00e9m que o pecado \u00e9 algo t\u00e3o s\u00e9rio; porque afeta diretamente esta escolha de Deus. O pecado torna o ser humano confuso diante da proposta de Deus para ele. O pecado distancia a humanidade do \u00fanico lugar que d\u00e1 sentido a sua caminhada: o colo de Deus. O pecado afeta diretamente o homem e prejudica significativamente sua rela\u00e7\u00e3o com Deus e com sua obra.<\/span><\/p>\n<p class=\"MsoNormal\" style=\"margin: 6pt 0cm;font-family:trebuchet ms\"><span style=\"font-size:85%\">A vida humana \u00e9 um campo aberto para o trabalho de Deus. E isso s\u00f3 \u00e9 fascinante para n\u00f3s porque o que Deus faz \u00e9 coerente com a maior de todas as suas escolhas: o ser humano.<\/span><\/p>\n","protected":false},"excerpt":{"rendered":"<p>Nossas fragilidades n\u00e3o s\u00e3o obst\u00e1culos para a obra de Deus. Pelo contr\u00e1rio, s\u00e3o meios para ele expressar seu car\u00e1ter. Neste caso, \u00e1gua e \u00f3leo n\u00e3o apenas se misturam sim como tamb\u00e9m se conjugam para criar uma receita deliciosa. Por isso, Mois\u00e9s declara em sua ora\u00e7\u00e3o: &#8220;consolida, para n\u00f3s, a obra de nossas m\u00e3os&#8221;. (Sl 90.17). [&hellip;]<\/p>\n","protected":false},"author":12,"featured_media":0,"comment_status":"open","ping_status":"open","sticky":false,"template":"","format":"standard","meta":{"ngg_post_thumbnail":0,"footnotes":""},"categories":[114],"tags":[7638,5444,7601,7639],"class_list":["post-110","post","type-post","status-publish","format-standard","hentry","category-artigos","tag-decisao","tag-deus","tag-humanidade","tag-moises"],"_links":{"self":[{"href":"https:\/\/ultimato.com.br\/sites\/fatosecorrelatos\/wp-json\/wp\/v2\/posts\/110","targetHints":{"allow":["GET"]}}],"collection":[{"href":"https:\/\/ultimato.com.br\/sites\/fatosecorrelatos\/wp-json\/wp\/v2\/posts"}],"about":[{"href":"https:\/\/ultimato.com.br\/sites\/fatosecorrelatos\/wp-json\/wp\/v2\/types\/post"}],"author":[{"embeddable":true,"href":"https:\/\/ultimato.com.br\/sites\/fatosecorrelatos\/wp-json\/wp\/v2\/users\/12"}],"replies":[{"embeddable":true,"href":"https:\/\/ultimato.com.br\/sites\/fatosecorrelatos\/wp-json\/wp\/v2\/comments?post=110"}],"version-history":[{"count":1,"href":"https:\/\/ultimato.com.br\/sites\/fatosecorrelatos\/wp-json\/wp\/v2\/posts\/110\/revisions"}],"predecessor-version":[{"id":277,"href":"https:\/\/ultimato.com.br\/sites\/fatosecorrelatos\/wp-json\/wp\/v2\/posts\/110\/revisions\/277"}],"wp:attachment":[{"href":"https:\/\/ultimato.com.br\/sites\/fatosecorrelatos\/wp-json\/wp\/v2\/media?parent=110"}],"wp:term":[{"taxonomy":"category","embeddable":true,"href":"https:\/\/ultimato.com.br\/sites\/fatosecorrelatos\/wp-json\/wp\/v2\/categories?post=110"},{"taxonomy":"post_tag","embeddable":true,"href":"https:\/\/ultimato.com.br\/sites\/fatosecorrelatos\/wp-json\/wp\/v2\/tags?post=110"}],"curies":[{"name":"wp","href":"https:\/\/api.w.org\/{rel}","templated":true}]}}