{"id":109,"date":"2009-03-16T11:43:00","date_gmt":"2009-03-16T14:43:00","guid":{"rendered":"http:\/\/ultimato.com.br\/sites\/fatosecorrelatos\/2009\/03\/16\/avisos-sobre-a-crise-economica\/"},"modified":"2010-09-25T18:53:33","modified_gmt":"2010-09-25T21:53:33","slug":"avisos-sobre-a-crise-economica","status":"publish","type":"post","link":"https:\/\/ultimato.com.br\/sites\/fatosecorrelatos\/2009\/03\/16\/avisos-sobre-a-crise-economica\/","title":{"rendered":"Avisos sobre a crise econ\u00f4mica"},"content":{"rendered":"<p><a href=\"http:\/\/1.bp.blogspot.com\/_oPpAxASUdJ8\/Sb5tobuj8yI\/AAAAAAAAAIw\/go2w6Qs1E5g\/s1600-h\/1155329_coin_towers.jpg\" class=\"lightview\" data-lightview-group=\"group-109\" data-lightview-options=\"skin: 'dark', controls: 'relative', padding: '10', shadow: { color: '#000000', opacity: 0.08, blur: 3 }\"><img decoding=\"async\" style=\"margin: 0pt 0pt 10px 10px;float: right;cursor: pointer;width: 200px;height: 150px\" src=\"http:\/\/1.bp.blogspot.com\/_oPpAxASUdJ8\/Sb5tobuj8yI\/AAAAAAAAAIw\/go2w6Qs1E5g\/s200\/1155329_coin_towers.jpg\" alt=\"\" border=\"0\" \/><\/a><br \/>N\u00e3o sou economista, mas quero dar uns pitacos. N\u00e3o obstante as raz\u00f5es t\u00e9cnicas da crise financeira mundial, a nossa sociedade n\u00e3o pode ignorar os avisos para este momento da hist\u00f3ria:<br \/>1. <span style=\"font-weight: bold\">N\u00e3o esquecer que as v\u00edtimas da crise n\u00e3o s\u00e3o apenas os senhores da economia, mas tamb\u00e9m quem depende inteiramente das decis\u00f5es econ\u00f4micas.<\/span> Segundo o Banco Mundial, at\u00e9 53 milh\u00f5es de pessoas passaram a enfrentar a extrema pobreza como consequ\u00eancia direta do cen\u00e1rio econ\u00f4mico vigente. Os grupos vulner\u00e1veis s\u00e3o, em especial, mulheres, crian\u00e7as, migrantes, refugiados, ind\u00edgenas e deficientes f\u00edsicos.(1). Crise s\u00f3 \u00e9 crise porque afeta o ser humano. As solu\u00e7\u00f5es, portanto, precisam ajudar o ser humano mais afetado.<br \/>2. <span style=\"font-weight: bold\">Ter humildade para auto-avaliar sua \u00e9tica.<\/span> Esta crise nos mostra que a \u00e9tica n\u00e3o tem sido um crit\u00e9rio considerado para tomada de decis\u00f5es econ\u00f4micas. Muitas vezes, vale mais a gan\u00e2ncia do que o bem-estar social. Para os crist\u00e3os isso se chama pecado.<br \/>3. <span style=\"font-weight: bold\">Ter coragem de tomar as decis\u00f5es mais corretas.<\/span> A coragem \u00e9 precedida pela certeza do que \u00e9 certo e do que \u00e9 errado. Por isso, decide-se agir, apesar das improbabilidades aparentes. O mundo tem uma \u00f3tima oportunidade para tomar, corajosamente, decis\u00f5es mais justas e s\u00e1bias que ajudem a todos e salvem o planeta.<br \/>4. <span style=\"font-weight: bold\">Reconhecer a insufici\u00eancia humana.<\/span> Esta crise mostrou que os sistemas econ\u00f4micos n\u00e3o resolvem tudo. Na opini\u00e3o do pesquisador Immanuel Wallerstein, &#8220;como ningu\u00e9m sabe realmente quais ser\u00e3o as flutua\u00e7\u00f5es desses indicadores, que mudam praticamente diariamente, ningu\u00e9m pode fazer um planejamento sensato de nada&#8221; (2). Ou seja, ainda precisamos aprender muito. Para n\u00f3s, crist\u00e3os, a certeza de que h\u00e1 um Deus soberano, deve nos dar humildade para reconhecer nossa insufici\u00eancia. Que os senhores do dinheiro e das na\u00e7\u00f5es tamb\u00e9m o fa\u00e7am.<\/p>\n<p><span style=\"font-style: italic\">(1) Os direitos humanos em tempos de crise. Artigo de Maria Nazareth Farani Azev\u00eado, publicado em 15\/03\/2009, p\u00e1gina A3, no jornal Folha de S\u00e3o Paulo.<\/span><br \/><span style=\"font-style: italic\">(2) Aprendendo com o Brasil. Artigo de Immanuel Wallerstein, publicado em 15\/03\/2009, p\u00e1gina A10, no jornal Folha de S\u00e3o Paulo.<\/span><\/p>\n","protected":false},"excerpt":{"rendered":"<p>N\u00e3o sou economista, mas quero dar uns pitacos. N\u00e3o obstante as raz\u00f5es t\u00e9cnicas da crise financeira mundial, a nossa sociedade n\u00e3o pode ignorar os avisos para este momento da hist\u00f3ria:1. N\u00e3o esquecer que as v\u00edtimas da crise n\u00e3o s\u00e3o apenas os senhores da economia, mas tamb\u00e9m quem depende inteiramente das decis\u00f5es econ\u00f4micas. Segundo o Banco [&hellip;]<\/p>\n","protected":false},"author":12,"featured_media":0,"comment_status":"open","ping_status":"open","sticky":false,"template":"","format":"standard","meta":{"ngg_post_thumbnail":0,"footnotes":""},"categories":[7652],"tags":[5472,7636,123,7637],"class_list":["post-109","post","type-post","status-publish","format-standard","hentry","category-curtas","tag-economia","tag-etica","tag-pobreza","tag-riqueza"],"_links":{"self":[{"href":"https:\/\/ultimato.com.br\/sites\/fatosecorrelatos\/wp-json\/wp\/v2\/posts\/109","targetHints":{"allow":["GET"]}}],"collection":[{"href":"https:\/\/ultimato.com.br\/sites\/fatosecorrelatos\/wp-json\/wp\/v2\/posts"}],"about":[{"href":"https:\/\/ultimato.com.br\/sites\/fatosecorrelatos\/wp-json\/wp\/v2\/types\/post"}],"author":[{"embeddable":true,"href":"https:\/\/ultimato.com.br\/sites\/fatosecorrelatos\/wp-json\/wp\/v2\/users\/12"}],"replies":[{"embeddable":true,"href":"https:\/\/ultimato.com.br\/sites\/fatosecorrelatos\/wp-json\/wp\/v2\/comments?post=109"}],"version-history":[{"count":1,"href":"https:\/\/ultimato.com.br\/sites\/fatosecorrelatos\/wp-json\/wp\/v2\/posts\/109\/revisions"}],"predecessor-version":[{"id":278,"href":"https:\/\/ultimato.com.br\/sites\/fatosecorrelatos\/wp-json\/wp\/v2\/posts\/109\/revisions\/278"}],"wp:attachment":[{"href":"https:\/\/ultimato.com.br\/sites\/fatosecorrelatos\/wp-json\/wp\/v2\/media?parent=109"}],"wp:term":[{"taxonomy":"category","embeddable":true,"href":"https:\/\/ultimato.com.br\/sites\/fatosecorrelatos\/wp-json\/wp\/v2\/categories?post=109"},{"taxonomy":"post_tag","embeddable":true,"href":"https:\/\/ultimato.com.br\/sites\/fatosecorrelatos\/wp-json\/wp\/v2\/tags?post=109"}],"curies":[{"name":"wp","href":"https:\/\/api.w.org\/{rel}","templated":true}]}}