{"id":1085,"date":"2013-11-25T10:35:56","date_gmt":"2013-11-25T13:35:56","guid":{"rendered":"http:\/\/ultimato.com.br\/sites\/fatosecorrelatos\/?p=1085"},"modified":"2013-11-25T12:42:27","modified_gmt":"2013-11-25T15:42:27","slug":"pela-dignidade-dos-rascunhos","status":"publish","type":"post","link":"https:\/\/ultimato.com.br\/sites\/fatosecorrelatos\/2013\/11\/25\/pela-dignidade-dos-rascunhos\/","title":{"rendered":"Pela dignidade dos rascunhos"},"content":{"rendered":"<p><a href=\"http:\/\/ultimato.com.br\/sites\/fatosecorrelatos\/files\/2013\/11\/lapis_25_11_13.jpg\" class=\"lightview\" data-lightview-group=\"group-1085\" data-lightview-options=\"skin: 'dark', controls: 'relative', padding: '10', shadow: { color: '#000000', opacity: 0.08, blur: 3 }\"><img loading=\"lazy\" decoding=\"async\" class=\"alignright size-full wp-image-1086\" alt=\"lapis_25_11_13\" src=\"http:\/\/ultimato.com.br\/sites\/fatosecorrelatos\/files\/2013\/11\/lapis_25_11_13.jpg\" width=\"300\" height=\"225\" srcset=\"https:\/\/ultimato.com.br\/sites\/fatosecorrelatos\/files\/2013\/11\/lapis_25_11_13.jpg 300w, https:\/\/ultimato.com.br\/sites\/fatosecorrelatos\/files\/2013\/11\/lapis_25_11_13-150x112.jpg 150w\" sizes=\"auto, (max-width: 300px) 100vw, 300px\" \/><\/a>Aqueles textos incompletos que escrevi me incomodam. O caderno est\u00e1 na mochila para que deles eu n\u00e3o me esque\u00e7a. A vida corre, mas meus rascunhos continuam l\u00e1, meio que aleijados, a espera de uma conclus\u00e3o, de um desfecho. Tem sido mais dif\u00edcil dar a eles um fim digno.<\/p>\n<p>A vida \u00e9 sempre mais r\u00e1pida do que minha percep\u00e7\u00e3o a respeito dela. Tantas coisas aconteceram! Mas o \u00faltimo <a href=\"http:\/\/ultimato.com.br\/sites\/fatosecorrelatos\/2013\/10\/07\/semente-e-revelacao\/\" target=\"_blank\">texto<\/a> que publiquei j\u00e1 vai para mais de um m\u00eas. Enquanto isso, tantos outros escritos dan\u00e7am em minha mente, e, eventualmente, come\u00e7am a ser trasladados para a folha de papel. Viagens, situa\u00e7\u00f5es, pensamentos sobre Deus e sobre os fatos da vida, li\u00e7\u00f5es do Miguel, anseios, etc. Para mim tudo \u00e9 &#8220;campo aberto&#8221; para a literatura.<\/p>\n<p>N\u00e3o sou escritor, mas minha veia de jornalista pulsa. N\u00e3o tenho a capacidade imaginativa de escritores como C. S. Lewis, mas gosto de escrever o que vivo e experimento. Gosto muito de cr\u00f4nicas. Da\u00ed o nome deste blog: &#8220;Fatos e Correlatos&#8221;.<\/p>\n<p>\u00c9 curioso que muita gente chega aqui por meio de uma despretensiosa cr\u00f4nica que escrevi em 2006: <a href=\"http:\/\/ultimato.com.br\/sites\/fatosecorrelatos\/2006\/01\/08\/um-pequena-cronica\" target=\"_blank\">Uma Pequena Cr\u00f4nica<\/a>. Ela j\u00e1 teve mais de 400 coment\u00e1rios e um absurdo n\u00famero de visitas.<\/p>\n<p>Prometo: n\u00e3o \u00e9 desta vez que os textos ficar\u00e3o presos no &#8220;arm\u00e1rio&#8221; de meu caderno. Vou resgat\u00e1-los da obscuridade. Mas j\u00e1 aviso: eles n\u00e3o devem ter grandes expectativas. N\u00e3o ficar\u00e3o famosos e talvez continuem em outra obscuridade que seja. Mas se a dignidade de um texto est\u00e1 em ser lido, prometo ajud\u00e1-los nisso. Nem que o leitor seja eu mesmo.<\/p>\n<p>Em breve.<\/p>\n<p>&nbsp;<\/p>\n<p>&nbsp;<\/p>\n","protected":false},"excerpt":{"rendered":"<p>Aqueles textos incompletos que escrevi me incomodam. O caderno est\u00e1 na mochila para que deles eu n\u00e3o me esque\u00e7a. A vida corre, mas meus rascunhos continuam l\u00e1, meio que aleijados, a espera de uma conclus\u00e3o, de um desfecho. Tem sido mais dif\u00edcil dar a eles um fim digno. A vida \u00e9 sempre mais r\u00e1pida do [&hellip;]<\/p>\n","protected":false},"author":12,"featured_media":0,"comment_status":"open","ping_status":"open","sticky":false,"template":"","format":"standard","meta":{"ngg_post_thumbnail":0,"footnotes":""},"categories":[7654],"tags":[5501,15619],"class_list":["post-1085","post","type-post","status-publish","format-standard","hentry","category-cronicas","tag-escrever","tag-escrita"],"_links":{"self":[{"href":"https:\/\/ultimato.com.br\/sites\/fatosecorrelatos\/wp-json\/wp\/v2\/posts\/1085","targetHints":{"allow":["GET"]}}],"collection":[{"href":"https:\/\/ultimato.com.br\/sites\/fatosecorrelatos\/wp-json\/wp\/v2\/posts"}],"about":[{"href":"https:\/\/ultimato.com.br\/sites\/fatosecorrelatos\/wp-json\/wp\/v2\/types\/post"}],"author":[{"embeddable":true,"href":"https:\/\/ultimato.com.br\/sites\/fatosecorrelatos\/wp-json\/wp\/v2\/users\/12"}],"replies":[{"embeddable":true,"href":"https:\/\/ultimato.com.br\/sites\/fatosecorrelatos\/wp-json\/wp\/v2\/comments?post=1085"}],"version-history":[{"count":3,"href":"https:\/\/ultimato.com.br\/sites\/fatosecorrelatos\/wp-json\/wp\/v2\/posts\/1085\/revisions"}],"predecessor-version":[{"id":1089,"href":"https:\/\/ultimato.com.br\/sites\/fatosecorrelatos\/wp-json\/wp\/v2\/posts\/1085\/revisions\/1089"}],"wp:attachment":[{"href":"https:\/\/ultimato.com.br\/sites\/fatosecorrelatos\/wp-json\/wp\/v2\/media?parent=1085"}],"wp:term":[{"taxonomy":"category","embeddable":true,"href":"https:\/\/ultimato.com.br\/sites\/fatosecorrelatos\/wp-json\/wp\/v2\/categories?post=1085"},{"taxonomy":"post_tag","embeddable":true,"href":"https:\/\/ultimato.com.br\/sites\/fatosecorrelatos\/wp-json\/wp\/v2\/tags?post=1085"}],"curies":[{"name":"wp","href":"https:\/\/api.w.org\/{rel}","templated":true}]}}