{"id":106,"date":"2009-02-10T05:39:00","date_gmt":"2009-02-10T08:39:00","guid":{"rendered":"http:\/\/ultimato.com.br\/sites\/fatosecorrelatos\/2009\/02\/10\/liberdade-e-orfandade\/"},"modified":"2010-09-25T18:54:10","modified_gmt":"2010-09-25T21:54:10","slug":"liberdade-e-orfandade","status":"publish","type":"post","link":"https:\/\/ultimato.com.br\/sites\/fatosecorrelatos\/2009\/02\/10\/liberdade-e-orfandade\/","title":{"rendered":"Liberdade e orfandade"},"content":{"rendered":"<p>ossa gera\u00e7\u00e3o parece confusa. E isso se deve em parte por causa de sua incompreens\u00e3o sobre <span style=\"font-style: italic\">liberdade<\/span>. A palavra \u00e9 bonita, se torna um alvo, uma linha de chegada para a maioria dos nossos contempor\u00e2neos.<br \/>Imagino um adolescente sonhando em ser independente dos pais: chegar a hora que quiser em casa, fazer o que desejar, se relacionar com quem quiser&#8230;<br \/>Imagino uma mulher pensando em como seria bom se tivesse permanecido solteira: poderia trabalhar mais, ganhar mais, ter mais relacionamentos amorosos, planejar melhor sua vida.<br \/>O homem j\u00e1 pensa seriamente em ter mais de um casamento. Se n\u00e3o der certo um, apropria-se do direito \u00e0 liberdade e bem-estar, para pedir o div\u00f3rcio e iniciar um novo ato conjugal.<br \/>Por tr\u00e1s desta maneira de pensar h\u00e1 uma id\u00e9ia de que &#8220;fomos feitos para sermos livres, e disso ningu\u00e9m pode nos privar&#8221;.<br \/>Mas por muitas vezes esquecemos que a liberdade n\u00e3o tem muito sentido se n\u00e3o consideramos tamb\u00e9m nossa pr\u00f3pria natureza humana. Ou seja, somos seres que necessitam de ajuda, que precisam de modelos, que anseiam por orienta\u00e7\u00e3o na caminhada da vida. Liberdade sem refer\u00eancias que nos moldem e nos mostrem o caminho certo <span style=\"font-style: italic\">nos torna \u00f3rf\u00e3os, e n\u00e3o pessoas livres.<\/span><br \/>\u00c9 triste perceber que caminhamos rumo \u00e0 orfandade. N\u00e3o temos mais pessoas reais a quem nos espelhar; apenas os vultos plastificados pela TV ou pela maquiagem da publicidade. N\u00e3o desejamos ouvir os conselhos de outros que nos conhecem, que sabem nossa hist\u00f3ria pessoal, que nos amam. Preferimos os conselhos fabricados de autores de livros de sucesso que vendem milh\u00f5es de exemplares, mas que n\u00e3o sabem quem realmente somos.<br \/>No livro <a href=\"http:\/\/ultimosegundo.ig.com.br\/cultura\/2007\/09\/21\/em_novo_romance_cormac_mccarthy_explora_moral_e_deus_em_mundo_devastado_1015913.html\"><span style=\"font-style: italic\">A Estrada<\/span><\/a>, de Cormac McCarthy, um homem e seu filho caminham por uma longa estrada em dire\u00e7\u00e3o \u00e0 costa, tentando sobreviver em uma terra completamente devastada e destru\u00edda; sem comida, com quase nenhuma esperan\u00e7a, sem pessoas <span style=\"font-style: italic\">do bem<\/span> com quem caminhar. A fic\u00e7\u00e3o traduz claramente este sentimento de orfandade que vivemos hoje.<br \/>Precisamos repensar o que entendemos por liberdade. Isso vai nos ajudar a fazer as escolhas certas, a valorizar a amizade e as pessoas que est\u00e3o pr\u00f3ximas.<br \/>Liberdade \u00e9 um presente de Deus. Ele sabe que precisamos tomar conta da nossa vida, mas sabe tamb\u00e9m que precisamos uns dos outros. E precisamos essencialmente dele mesmo.<\/p>\n","protected":false},"excerpt":{"rendered":"<p>ossa gera\u00e7\u00e3o parece confusa. E isso se deve em parte por causa de sua incompreens\u00e3o sobre liberdade. A palavra \u00e9 bonita, se torna um alvo, uma linha de chegada para a maioria dos nossos contempor\u00e2neos.Imagino um adolescente sonhando em ser independente dos pais: chegar a hora que quiser em casa, fazer o que desejar, se [&hellip;]<\/p>\n","protected":false},"author":12,"featured_media":0,"comment_status":"open","ping_status":"open","sticky":false,"template":"","format":"standard","meta":{"ngg_post_thumbnail":0,"footnotes":""},"categories":[114],"tags":[7619,5444,7601,5697,7632,6095],"class_list":["post-106","post","type-post","status-publish","format-standard","hentry","category-artigos","tag-caminho","tag-deus","tag-humanidade","tag-liberdade","tag-orfandade","tag-vida"],"_links":{"self":[{"href":"https:\/\/ultimato.com.br\/sites\/fatosecorrelatos\/wp-json\/wp\/v2\/posts\/106","targetHints":{"allow":["GET"]}}],"collection":[{"href":"https:\/\/ultimato.com.br\/sites\/fatosecorrelatos\/wp-json\/wp\/v2\/posts"}],"about":[{"href":"https:\/\/ultimato.com.br\/sites\/fatosecorrelatos\/wp-json\/wp\/v2\/types\/post"}],"author":[{"embeddable":true,"href":"https:\/\/ultimato.com.br\/sites\/fatosecorrelatos\/wp-json\/wp\/v2\/users\/12"}],"replies":[{"embeddable":true,"href":"https:\/\/ultimato.com.br\/sites\/fatosecorrelatos\/wp-json\/wp\/v2\/comments?post=106"}],"version-history":[{"count":1,"href":"https:\/\/ultimato.com.br\/sites\/fatosecorrelatos\/wp-json\/wp\/v2\/posts\/106\/revisions"}],"predecessor-version":[{"id":280,"href":"https:\/\/ultimato.com.br\/sites\/fatosecorrelatos\/wp-json\/wp\/v2\/posts\/106\/revisions\/280"}],"wp:attachment":[{"href":"https:\/\/ultimato.com.br\/sites\/fatosecorrelatos\/wp-json\/wp\/v2\/media?parent=106"}],"wp:term":[{"taxonomy":"category","embeddable":true,"href":"https:\/\/ultimato.com.br\/sites\/fatosecorrelatos\/wp-json\/wp\/v2\/categories?post=106"},{"taxonomy":"post_tag","embeddable":true,"href":"https:\/\/ultimato.com.br\/sites\/fatosecorrelatos\/wp-json\/wp\/v2\/tags?post=106"}],"curies":[{"name":"wp","href":"https:\/\/api.w.org\/{rel}","templated":true}]}}