{"id":1055,"date":"2013-08-18T18:48:12","date_gmt":"2013-08-18T21:48:12","guid":{"rendered":"http:\/\/ultimato.com.br\/sites\/fatosecorrelatos\/?p=1055"},"modified":"2013-08-18T18:53:14","modified_gmt":"2013-08-18T21:53:14","slug":"nao-se-faz-vida-em-laboratorio","status":"publish","type":"post","link":"https:\/\/ultimato.com.br\/sites\/fatosecorrelatos\/2013\/08\/18\/nao-se-faz-vida-em-laboratorio\/","title":{"rendered":"N\u00e3o se faz vida em laborat\u00f3rio"},"content":{"rendered":"<p>Conversamos por um longo tempo sobre escolhas da vida. Refiz mentalmente minha caminhada. Nada extraordin\u00e1rio, mas tudo com gosto de esperan\u00e7a (mesmo que meu &#8220;eu&#8221; por vezes tenha dito o contr\u00e1rio). Fiz op\u00e7\u00f5es, trilhei caminhos. At\u00e9 a\u00ed, tudo normal.<\/p>\n<p>Mas falar de liberdade exige tamb\u00e9m humildade. A vida n\u00e3o s\u00e3o apenas minhas escolhas. Estas definem, \u00e9 verdade, boa parte de meus passos. Mas o que fa\u00e7o n\u00e3o afeta todas as coisas do mundo, mesmo que interfira diretamente em quem sou.\u00a0H\u00e1 uma natureza que independe de mim. H\u00e1 &#8220;leis&#8221; que fazem a vida seguir; existindo eu ou n\u00e3o. H\u00e1 liberdade para o mundo correr tanto quanto h\u00e1 para mim. Esse \u00e9 um ponto.<\/p>\n<p>O outro ponto \u00e9 entender a import\u00e2ncia de olhar para tr\u00e1s. Relembrar\u00a0o passado me fez pensar que esse deveria ser o primeiro exerc\u00edcio para quem preza seriamente pelo conceito de liberdade. A dimens\u00e3o exata de ser livre n\u00e3o est\u00e1 no futuro, mas no que j\u00e1 vivemos. Como demorei tanto para perceber isso? Quero dizer, os passos sinceros que trilhei me fizeram amadurecer as escolhas, experiment\u00e1-las como quem mastiga com paci\u00eancia.<\/p>\n<p>N\u00e3o se faz vida em laborat\u00f3rio.<\/p>\n","protected":false},"excerpt":{"rendered":"<p>Conversamos por um longo tempo sobre escolhas da vida. Refiz mentalmente minha caminhada. Nada extraordin\u00e1rio, mas tudo com gosto de esperan\u00e7a (mesmo que meu &#8220;eu&#8221; por vezes tenha dito o contr\u00e1rio). Fiz op\u00e7\u00f5es, trilhei caminhos. At\u00e9 a\u00ed, tudo normal. Mas falar de liberdade exige tamb\u00e9m humildade. A vida n\u00e3o s\u00e3o apenas minhas escolhas. Estas definem, [&hellip;]<\/p>\n","protected":false},"author":12,"featured_media":0,"comment_status":"open","ping_status":"open","sticky":false,"template":"","format":"standard","meta":{"ngg_post_thumbnail":0,"footnotes":""},"categories":[7654,7652],"tags":[7603],"class_list":["post-1055","post","type-post","status-publish","format-standard","hentry","category-cronicas","category-curtas","tag-cronicas-do-cotidiano"],"_links":{"self":[{"href":"https:\/\/ultimato.com.br\/sites\/fatosecorrelatos\/wp-json\/wp\/v2\/posts\/1055","targetHints":{"allow":["GET"]}}],"collection":[{"href":"https:\/\/ultimato.com.br\/sites\/fatosecorrelatos\/wp-json\/wp\/v2\/posts"}],"about":[{"href":"https:\/\/ultimato.com.br\/sites\/fatosecorrelatos\/wp-json\/wp\/v2\/types\/post"}],"author":[{"embeddable":true,"href":"https:\/\/ultimato.com.br\/sites\/fatosecorrelatos\/wp-json\/wp\/v2\/users\/12"}],"replies":[{"embeddable":true,"href":"https:\/\/ultimato.com.br\/sites\/fatosecorrelatos\/wp-json\/wp\/v2\/comments?post=1055"}],"version-history":[{"count":3,"href":"https:\/\/ultimato.com.br\/sites\/fatosecorrelatos\/wp-json\/wp\/v2\/posts\/1055\/revisions"}],"predecessor-version":[{"id":1069,"href":"https:\/\/ultimato.com.br\/sites\/fatosecorrelatos\/wp-json\/wp\/v2\/posts\/1055\/revisions\/1069"}],"wp:attachment":[{"href":"https:\/\/ultimato.com.br\/sites\/fatosecorrelatos\/wp-json\/wp\/v2\/media?parent=1055"}],"wp:term":[{"taxonomy":"category","embeddable":true,"href":"https:\/\/ultimato.com.br\/sites\/fatosecorrelatos\/wp-json\/wp\/v2\/categories?post=1055"},{"taxonomy":"post_tag","embeddable":true,"href":"https:\/\/ultimato.com.br\/sites\/fatosecorrelatos\/wp-json\/wp\/v2\/tags?post=1055"}],"curies":[{"name":"wp","href":"https:\/\/api.w.org\/{rel}","templated":true}]}}