{"id":1037,"date":"2013-06-23T19:08:44","date_gmt":"2013-06-23T22:08:44","guid":{"rendered":"http:\/\/ultimato.com.br\/sites\/fatosecorrelatos\/?p=1037"},"modified":"2013-06-23T19:10:07","modified_gmt":"2013-06-23T22:10:07","slug":"o-mundo-nao-e-feito-de-frases","status":"publish","type":"post","link":"https:\/\/ultimato.com.br\/sites\/fatosecorrelatos\/2013\/06\/23\/o-mundo-nao-e-feito-de-frases\/","title":{"rendered":"O mundo n\u00e3o \u00e9 feito de frases"},"content":{"rendered":"<p>O mundo agora \u00e9 feito de frases. Contradi\u00e7\u00e3o. Ao mesmo tempo que ultrapassamos barreiras e criamos &#8220;aldeias globais&#8221;, o mundo tamb\u00e9m apequenou-se, perdeu a vontade de descobrir realmente a realidade. Contentou-se com ora\u00e7\u00f5es de uma linha, \u00a0rapidamente substitu\u00eddas por outras e outras, ao sabor das circunst\u00e2ncias ou simplesmente do humor do momento.<\/p>\n<p>Mas quando estas frases se transformam em combust\u00edvel para que a vida se expanda, para que as ruas deixem de ser apenas par\u00eanteses da realidade e se tornem espa\u00e7os de mudan\u00e7a, o pr\u00f3prio ser humano subverte a superficialidade c\u00f4moda e j\u00e1 enfrenta sua pr\u00f3pria pregui\u00e7a.<\/p>\n<p>Assim como as frases s\u00e3o convites para penetrarmos na realidade, as manifesta\u00e7\u00f5es nas ruas s\u00e3o gritos que nos fazem ir al\u00e9m do que j\u00e1 fomos. Mas precisamos ir, seguir em frente. Precisamos persistir nas transforma\u00e7\u00f5es, a come\u00e7ar por n\u00f3s mesmos. O mais dif\u00edcil ainda est\u00e1 por vir. Mas algo j\u00e1 est\u00e1 melhor.<\/p>\n<p>Agora \u00e9 a vez de provarmos que o mundo n\u00e3o \u00e9 feito s\u00f3 de frases, seja no Facebook seja em cartazes. Neles, a esperan\u00e7a n\u00e3o cabe.<\/p>\n","protected":false},"excerpt":{"rendered":"<p>O mundo agora \u00e9 feito de frases. Contradi\u00e7\u00e3o. Ao mesmo tempo que ultrapassamos barreiras e criamos &#8220;aldeias globais&#8221;, o mundo tamb\u00e9m apequenou-se, perdeu a vontade de descobrir realmente a realidade. Contentou-se com ora\u00e7\u00f5es de uma linha, \u00a0rapidamente substitu\u00eddas por outras e outras, ao sabor das circunst\u00e2ncias ou simplesmente do humor do momento. Mas quando estas [&hellip;]<\/p>\n","protected":false},"author":12,"featured_media":0,"comment_status":"open","ping_status":"open","sticky":false,"template":"","format":"standard","meta":{"ngg_post_thumbnail":0,"footnotes":""},"categories":[7654,7652],"tags":[],"class_list":["post-1037","post","type-post","status-publish","format-standard","hentry","category-cronicas","category-curtas"],"_links":{"self":[{"href":"https:\/\/ultimato.com.br\/sites\/fatosecorrelatos\/wp-json\/wp\/v2\/posts\/1037","targetHints":{"allow":["GET"]}}],"collection":[{"href":"https:\/\/ultimato.com.br\/sites\/fatosecorrelatos\/wp-json\/wp\/v2\/posts"}],"about":[{"href":"https:\/\/ultimato.com.br\/sites\/fatosecorrelatos\/wp-json\/wp\/v2\/types\/post"}],"author":[{"embeddable":true,"href":"https:\/\/ultimato.com.br\/sites\/fatosecorrelatos\/wp-json\/wp\/v2\/users\/12"}],"replies":[{"embeddable":true,"href":"https:\/\/ultimato.com.br\/sites\/fatosecorrelatos\/wp-json\/wp\/v2\/comments?post=1037"}],"version-history":[{"count":3,"href":"https:\/\/ultimato.com.br\/sites\/fatosecorrelatos\/wp-json\/wp\/v2\/posts\/1037\/revisions"}],"predecessor-version":[{"id":1059,"href":"https:\/\/ultimato.com.br\/sites\/fatosecorrelatos\/wp-json\/wp\/v2\/posts\/1037\/revisions\/1059"}],"wp:attachment":[{"href":"https:\/\/ultimato.com.br\/sites\/fatosecorrelatos\/wp-json\/wp\/v2\/media?parent=1037"}],"wp:term":[{"taxonomy":"category","embeddable":true,"href":"https:\/\/ultimato.com.br\/sites\/fatosecorrelatos\/wp-json\/wp\/v2\/categories?post=1037"},{"taxonomy":"post_tag","embeddable":true,"href":"https:\/\/ultimato.com.br\/sites\/fatosecorrelatos\/wp-json\/wp\/v2\/tags?post=1037"}],"curies":[{"name":"wp","href":"https:\/\/api.w.org\/{rel}","templated":true}]}}