{"id":1011,"date":"2013-03-20T10:40:22","date_gmt":"2013-03-20T13:40:22","guid":{"rendered":"http:\/\/ultimato.com.br\/sites\/fatosecorrelatos\/?p=1011"},"modified":"2013-03-21T14:02:18","modified_gmt":"2013-03-21T17:02:18","slug":"dois-sermoes","status":"publish","type":"post","link":"https:\/\/ultimato.com.br\/sites\/fatosecorrelatos\/2013\/03\/20\/dois-sermoes\/","title":{"rendered":"Dois serm\u00f5es"},"content":{"rendered":"<p>O culto come\u00e7ara h\u00e1 meia hora. O pregador sobe ao p\u00falpito e toma a palavra. Gosto de seus serm\u00f5es. Estou atento para ouvi-lo. Mas meu filho Miguel, de 4 meses, que est\u00e1 em meu colo,\u00a0come\u00e7a a chorar. Tenho que sair do templo. Fico no p\u00e1tio, com os ouvidos tentando n\u00e3o perder a fala do pregador ao fundo. Ele prega sobre como Jesus perdoou a mulher pega em adult\u00e9rio e como confrontou os seus acusadores hip\u00f3critas.<\/p>\n<p>Meu filho, sempre observador, come\u00e7a a prender o olhar no cartaz com fotos de dezenas de mission\u00e1rios. Nesta altura, ele j\u00e1 est\u00e1 no colo do di\u00e1cono. Miguel n\u00e3o para de olhar para o cartaz. Ele est\u00e1 fascinado com tantos rostos diferentes em um s\u00f3 lugar.<\/p>\n<p>Claro, n\u00e3o tenho ideia do quanto meu filho entende esta informa\u00e7\u00e3o, mas n\u00e3o faz mal. Este momento j\u00e1 serve como met\u00e1fora para meu cora\u00e7\u00e3o. Miguel &#8220;pregou&#8221;\u00a0junto com o pregador da noite. Enquanto a Palavra me ensinava que o pecado agride a Deus, o pr\u00f3ximo e a mim mesmo, e que a vida redimida \u00e9 relacional, o pequeno Miguel me ilustra que meu olhar deve ser para as pessoas, e n\u00e3o para as coisas ou os rituais. Ele me ensina que meu cora\u00e7\u00e3o contaminado est\u00e1 em ataque constante para que eu n\u00e3o viva a santidade relacional. E que esta santidade come\u00e7a na aceita\u00e7\u00e3o do amor de Deus e desemboca na maturidade em lidar com os pecados pr\u00f3prios e os pecados dos outros. O perd\u00e3o me faz olhar, de verdade, para a imperfei\u00e7\u00e3o; enfrent\u00e1-la, mas\u00a0n\u00e3o ser ref\u00e9m dela.<\/p>\n<p>N\u00e3o anotei nada do serm\u00e3o. Geralmente anoto. Mas, tanto ele quanto a met\u00e1fora que Deus me deu por meio do Miguel, ainda\u00a0est\u00e3o guardados em minha mem\u00f3ria.<\/p>\n<p>&nbsp;<\/p>\n","protected":false},"excerpt":{"rendered":"<p>O culto come\u00e7ara h\u00e1 meia hora. O pregador sobe ao p\u00falpito e toma a palavra. Gosto de seus serm\u00f5es. Estou atento para ouvi-lo. Mas meu filho Miguel, de 4 meses, que est\u00e1 em meu colo,\u00a0come\u00e7a a chorar. Tenho que sair do templo. Fico no p\u00e1tio, com os ouvidos tentando n\u00e3o perder a fala do pregador [&hellip;]<\/p>\n","protected":false},"author":12,"featured_media":0,"comment_status":"open","ping_status":"open","sticky":false,"template":"","format":"standard","meta":{"ngg_post_thumbnail":0,"footnotes":""},"categories":[7654,15594],"tags":[24540,9503],"class_list":["post-1011","post","type-post","status-publish","format-standard","hentry","category-cronicas","category-diario-de-miguel","tag-diario-de-miguel","tag-perdao"],"_links":{"self":[{"href":"https:\/\/ultimato.com.br\/sites\/fatosecorrelatos\/wp-json\/wp\/v2\/posts\/1011","targetHints":{"allow":["GET"]}}],"collection":[{"href":"https:\/\/ultimato.com.br\/sites\/fatosecorrelatos\/wp-json\/wp\/v2\/posts"}],"about":[{"href":"https:\/\/ultimato.com.br\/sites\/fatosecorrelatos\/wp-json\/wp\/v2\/types\/post"}],"author":[{"embeddable":true,"href":"https:\/\/ultimato.com.br\/sites\/fatosecorrelatos\/wp-json\/wp\/v2\/users\/12"}],"replies":[{"embeddable":true,"href":"https:\/\/ultimato.com.br\/sites\/fatosecorrelatos\/wp-json\/wp\/v2\/comments?post=1011"}],"version-history":[{"count":4,"href":"https:\/\/ultimato.com.br\/sites\/fatosecorrelatos\/wp-json\/wp\/v2\/posts\/1011\/revisions"}],"predecessor-version":[{"id":1013,"href":"https:\/\/ultimato.com.br\/sites\/fatosecorrelatos\/wp-json\/wp\/v2\/posts\/1011\/revisions\/1013"}],"wp:attachment":[{"href":"https:\/\/ultimato.com.br\/sites\/fatosecorrelatos\/wp-json\/wp\/v2\/media?parent=1011"}],"wp:term":[{"taxonomy":"category","embeddable":true,"href":"https:\/\/ultimato.com.br\/sites\/fatosecorrelatos\/wp-json\/wp\/v2\/categories?post=1011"},{"taxonomy":"post_tag","embeddable":true,"href":"https:\/\/ultimato.com.br\/sites\/fatosecorrelatos\/wp-json\/wp\/v2\/tags?post=1011"}],"curies":[{"name":"wp","href":"https:\/\/api.w.org\/{rel}","templated":true}]}}