{"id":101,"date":"2008-06-28T15:25:00","date_gmt":"2008-06-28T18:25:00","guid":{"rendered":"http:\/\/ultimato.com.br\/sites\/fatosecorrelatos\/2008\/06\/28\/espejos-una-historia-casi-universal\/"},"modified":"2010-09-25T18:56:01","modified_gmt":"2010-09-25T21:56:01","slug":"espejos-una-historia-casi-universal","status":"publish","type":"post","link":"https:\/\/ultimato.com.br\/sites\/fatosecorrelatos\/2008\/06\/28\/espejos-una-historia-casi-universal\/","title":{"rendered":"Espejos. Una historia casi universal"},"content":{"rendered":"<p><em>Os espelhos est\u00e3o cheios de gente.<br \/>Os invis\u00edveis nos v\u00eaem.<br \/>Os esquecidos nos lembram.<br \/>Quando nos vemos, os vemos.<br \/>Quando nos vamos, eles se v\u00e3o?<\/em><\/p>\n<p><em>Este livro foi escrito para que n\u00e3o partam.<br \/>Nestas p\u00e1ginas unem-se o passado e o presente.<br \/>Renascem os mortos, os an\u00f4nimos t\u00eam nome:<br \/>os homens que ergueram os pal\u00e1cios e os templos de seus amos;<br \/>as mulheres, ignoradas por aqueles que ignoram o que temem;<br \/>o sul e o oriente do mundo, desprezados por aqueles que desprezam o que ignoram;<br \/>os muitos mundos que o mundo cont\u00e9m e esconde;<br \/>os pensadores e os que sentem;<br \/>os curiosos, condenados por perguntar, e os rebeldes eos perdedores e os lindos loucos que foram e s\u00e3o o sal da terra.<\/em><\/p>\n<p><em><strong>Eduardo Galeano, escritor uruguaio. Este texto \u00e9 uma apresenta\u00e7\u00e3o de seu novo livro<\/strong><\/em> Espejos. Una historia casi universal.<\/p>\n","protected":false},"excerpt":{"rendered":"<p>Os espelhos est\u00e3o cheios de gente.Os invis\u00edveis nos v\u00eaem.Os esquecidos nos lembram.Quando nos vemos, os vemos.Quando nos vamos, eles se v\u00e3o? Este livro foi escrito para que n\u00e3o partam.Nestas p\u00e1ginas unem-se o passado e o presente.Renascem os mortos, os an\u00f4nimos t\u00eam nome:os homens que ergueram os pal\u00e1cios e os templos de seus amos;as mulheres, ignoradas [&hellip;]<\/p>\n","protected":false},"author":12,"featured_media":0,"comment_status":"open","ping_status":"open","sticky":false,"template":"","format":"standard","meta":{"ngg_post_thumbnail":0,"footnotes":""},"categories":[7656],"tags":[7625,160],"class_list":["post-101","post","type-post","status-publish","format-standard","hentry","category-outras-vozes","tag-eduardo-galeano","tag-poesia"],"_links":{"self":[{"href":"https:\/\/ultimato.com.br\/sites\/fatosecorrelatos\/wp-json\/wp\/v2\/posts\/101","targetHints":{"allow":["GET"]}}],"collection":[{"href":"https:\/\/ultimato.com.br\/sites\/fatosecorrelatos\/wp-json\/wp\/v2\/posts"}],"about":[{"href":"https:\/\/ultimato.com.br\/sites\/fatosecorrelatos\/wp-json\/wp\/v2\/types\/post"}],"author":[{"embeddable":true,"href":"https:\/\/ultimato.com.br\/sites\/fatosecorrelatos\/wp-json\/wp\/v2\/users\/12"}],"replies":[{"embeddable":true,"href":"https:\/\/ultimato.com.br\/sites\/fatosecorrelatos\/wp-json\/wp\/v2\/comments?post=101"}],"version-history":[{"count":1,"href":"https:\/\/ultimato.com.br\/sites\/fatosecorrelatos\/wp-json\/wp\/v2\/posts\/101\/revisions"}],"predecessor-version":[{"id":283,"href":"https:\/\/ultimato.com.br\/sites\/fatosecorrelatos\/wp-json\/wp\/v2\/posts\/101\/revisions\/283"}],"wp:attachment":[{"href":"https:\/\/ultimato.com.br\/sites\/fatosecorrelatos\/wp-json\/wp\/v2\/media?parent=101"}],"wp:term":[{"taxonomy":"category","embeddable":true,"href":"https:\/\/ultimato.com.br\/sites\/fatosecorrelatos\/wp-json\/wp\/v2\/categories?post=101"},{"taxonomy":"post_tag","embeddable":true,"href":"https:\/\/ultimato.com.br\/sites\/fatosecorrelatos\/wp-json\/wp\/v2\/tags?post=101"}],"curies":[{"name":"wp","href":"https:\/\/api.w.org\/{rel}","templated":true}]}}