{"id":100,"date":"2008-06-16T06:54:00","date_gmt":"2008-06-16T09:54:00","guid":{"rendered":"http:\/\/ultimato.com.br\/sites\/fatosecorrelatos\/2008\/06\/16\/clara-e-suas-lagrimas\/"},"modified":"2010-09-25T18:56:17","modified_gmt":"2010-09-25T21:56:17","slug":"clara-e-suas-lagrimas","status":"publish","type":"post","link":"https:\/\/ultimato.com.br\/sites\/fatosecorrelatos\/2008\/06\/16\/clara-e-suas-lagrimas\/","title":{"rendered":"Clara e suas l\u00e1grimas"},"content":{"rendered":"<p>Clara veio conversar comigo. Triste, ela contou seu passado. N\u00e3o que tenha sido infeliz, mas que foi afetada vivamente pelo sofrimento. N\u00e3o que tenha sido v\u00edtima de trag\u00e9dias particulares ou familiares, mas sim que seu estilo de vida a colocava ao lado de pessoas que sofriam diante da injusta vida.<br \/>Clara disse que a pobreza n\u00e3o \u00e9 problema. O problema \u00e9 a infelicidade das pessoas diante dela. \u00c9 poss\u00edvel ser feliz, mesmo sendo pobre. Se engana quem pensa que o pobre precisa da nossa ajuda para ser feliz. Ele (e, em especial, as crian\u00e7as) tem a capacidade de reinventar a vida no caminho da escassez. E \u00e9 feliz assim.<br \/>Clara tinha em seu cora\u00e7\u00e3o a frustra\u00e7\u00e3o por sua m\u00e3e n\u00e3o ter conseguido suportar a conviv\u00eancia com a pobreza. Sua m\u00e3e, de origem pobre, n\u00e3o admite ter continuado assim. A pobreza \u00e9 cruel com nossos sonhos. Ela, ao mesmo tempo que os renega, nos torna indignos dele. Com esta face, a pobreza faz mal, muito mal.<br \/>Clara n\u00e3o tem medo da pobreza. Se continuar pobre, n\u00e3o ser\u00e1 frustrada ou amargurada. Ela tem medo da decad\u00eancia da humanidade. De saber que muitas pessoas pobres que ir\u00e1 conhecer v\u00e3o continuar vivendo uma vida med\u00edocre, sem saber ou experimentar uma vida plena (com sentido e prop\u00f3sito). Esta certeza levou Clara \u00e0s l\u00e1grimas enquanto almo\u00e7ava e conversava conosco.<br \/>A conversa com Clara me levou a pensar muito sobre a pobreza, os pobres e o rumo de nossas vidas. Nosso mundo \u00e9 injusto. Vivemos para n\u00f3s mesmos, acreditando que isso \u00e9 o correto, \u00e9 o justo, \u00e9 o que todo estudante deve pensar quando planeja o futuro. Viver para os outros \u00e9 coisa de religiosos ou de gente boba, pensamos.<br \/>O choro de Clara n\u00e3o era fruto de uma tristeza ego\u00edsta, mimada (prato cheio para os psic\u00f3logos). Era o choro de algu\u00e9m que sempre viveu para os outros, e por isso, que sofre por eles e com eles. Ela est\u00e1 pagando o pre\u00e7o desta escolha. Parece tr\u00e1gico, mas n\u00e3o \u00e9.<br \/>Clara terminou a conversa dizendo que \u00e9 feliz, muito feliz. &#8220;Apesar de tudo, sei o sentido da minha vida. Mesmo em momentos de sofrimento e priva\u00e7\u00e3o que passei, sempre soube a raz\u00e3o da minha escolha&#8221;.<br \/>Clara me ensinou muito com suas l\u00e1grimas.<\/p>\n","protected":false},"excerpt":{"rendered":"<p>Clara veio conversar comigo. Triste, ela contou seu passado. N\u00e3o que tenha sido infeliz, mas que foi afetada vivamente pelo sofrimento. N\u00e3o que tenha sido v\u00edtima de trag\u00e9dias particulares ou familiares, mas sim que seu estilo de vida a colocava ao lado de pessoas que sofriam diante da injusta vida.Clara disse que a pobreza n\u00e3o [&hellip;]<\/p>\n","protected":false},"author":12,"featured_media":0,"comment_status":"open","ping_status":"open","sticky":false,"template":"","format":"standard","meta":{"ngg_post_thumbnail":0,"footnotes":""},"categories":[7654],"tags":[7601,7623,123,6019],"class_list":["post-100","post","type-post","status-publish","format-standard","hentry","category-cronicas","tag-humanidade","tag-lagrimas","tag-pobreza","tag-sofrimento"],"_links":{"self":[{"href":"https:\/\/ultimato.com.br\/sites\/fatosecorrelatos\/wp-json\/wp\/v2\/posts\/100","targetHints":{"allow":["GET"]}}],"collection":[{"href":"https:\/\/ultimato.com.br\/sites\/fatosecorrelatos\/wp-json\/wp\/v2\/posts"}],"about":[{"href":"https:\/\/ultimato.com.br\/sites\/fatosecorrelatos\/wp-json\/wp\/v2\/types\/post"}],"author":[{"embeddable":true,"href":"https:\/\/ultimato.com.br\/sites\/fatosecorrelatos\/wp-json\/wp\/v2\/users\/12"}],"replies":[{"embeddable":true,"href":"https:\/\/ultimato.com.br\/sites\/fatosecorrelatos\/wp-json\/wp\/v2\/comments?post=100"}],"version-history":[{"count":1,"href":"https:\/\/ultimato.com.br\/sites\/fatosecorrelatos\/wp-json\/wp\/v2\/posts\/100\/revisions"}],"predecessor-version":[{"id":284,"href":"https:\/\/ultimato.com.br\/sites\/fatosecorrelatos\/wp-json\/wp\/v2\/posts\/100\/revisions\/284"}],"wp:attachment":[{"href":"https:\/\/ultimato.com.br\/sites\/fatosecorrelatos\/wp-json\/wp\/v2\/media?parent=100"}],"wp:term":[{"taxonomy":"category","embeddable":true,"href":"https:\/\/ultimato.com.br\/sites\/fatosecorrelatos\/wp-json\/wp\/v2\/categories?post=100"},{"taxonomy":"post_tag","embeddable":true,"href":"https:\/\/ultimato.com.br\/sites\/fatosecorrelatos\/wp-json\/wp\/v2\/tags?post=100"}],"curies":[{"name":"wp","href":"https:\/\/api.w.org\/{rel}","templated":true}]}}