{"id":3134,"date":"2020-10-20T10:09:35","date_gmt":"2020-10-20T13:09:35","guid":{"rendered":"http:\/\/ultimato.com.br\/sites\/estudos-biblicos\/?p=3134"},"modified":"2020-10-31T13:06:01","modified_gmt":"2020-10-31T16:06:01","slug":"alegria-no-trabalho-por-que-nao","status":"publish","type":"post","link":"https:\/\/ultimato.com.br\/sites\/estudos-biblicos\/vida-crista\/alegria-no-trabalho-por-que-nao\/","title":{"rendered":"Alegria no trabalho, por que n\u00e3o?"},"content":{"rendered":"<p>S\u00c9RIE |<br \/>\n<em>Conversando Sobre o Futuro \u2013 a voca\u00e7\u00e3o continua\u00a0 |\u00a0 <\/em><strong>Estudo 3<\/strong><\/p>\n<p><strong>Texto b\u00e1sico:\u00a0<\/strong>Jo 5.16-17<\/p>\n<p><strong>Textos de apoio<\/strong><br \/>\n&#8211; Gn 2.15<br \/>\n&#8211; Ex 35.30-33<br \/>\n&#8211; Is 2.2-4<br \/>\n&#8211; Ec 3.12-14<br \/>\n&#8211; Rm 12.1-2<br \/>\n&#8211; 2Ts 3.6-12<\/p>\n<h4><strong>Introdu\u00e7\u00e3o <\/strong><\/h4>\n<p>Se h\u00e1 uma \u00e1rea em que precisamos rever nossos conceitos e ajust\u00e1-los \u00e9 em rela\u00e7\u00e3o ao trabalho. A B\u00edblia fala que nosso Deus trabalha constantemente, inclusive a favor daqueles que nele esperam (Is 64.4). Jesus foi um exemplo de trabalho, ao aprender um of\u00edcio com seu pai, e durante todos os tr\u00eas anos de seu minist\u00e9rio terreno. O trabalho est\u00e1 presente desde a cria\u00e7\u00e3o at\u00e9 a reden\u00e7\u00e3o.<\/p>\n<p>A cultura romana tinha a ideia do trabalho como \u201cdesprazer\u201d e maldi\u00e7\u00e3o. Agostinho atribu\u00eda maior valor \u00e0s atividades contemplativas do que \u00e0s laborais. Um dos sonhos presente na cultura do brasileiro \u00e9 ganhar muito dinheiro, parar de trabalhar e \u201caproveitar\u201d a vida.<\/p>\n<p>A Reforma Protestante resgatou n\u00e3o somente o valor das escrituras, da f\u00e9, da gra\u00e7a, da obra redentora de Jesus Cristo e da glorifica\u00e7\u00e3o somente a Deus. Ela resgatou o valor do trabalho s\u00e9rio e comprometido, associando-o \u00e0 voca\u00e7\u00e3o humana e ao servi\u00e7o a Deus e ao pr\u00f3ximo.<\/p>\n<p>Sendo assim, n\u00e3o faz sentido associarmos os anos da aposentadoria a um per\u00edodo de parar de trabalhar. Por outro lado, tamb\u00e9m n\u00e3o quer dizer que seja necess\u00e1ria uma vida inteiramente focada no trabalho secular. Da\u00ed as oportunidades oferecidas pela aposentadoria. Ela nos d\u00e1 a possibilidade de um trabalho mais compat\u00edvel com a idade, interesse e limita\u00e7\u00f5es f\u00edsicas que por ventura possam nos acometer.<\/p>\n<p>Existem diversas formas de trabalho remunerado ou n\u00e3o, tanto na sociedade quanto na comunidade da f\u00e9. Em todos eles podemos nos engajar, servir, amar e oferecermos uma contribui\u00e7\u00e3o significativa para a sociedade. Uma cosmovis\u00e3o crist\u00e3 entende que o trabalho faz parte da dignidade humana e espelha nossa filia\u00e7\u00e3o ao Deus que trabalha.<\/p>\n<h4><strong>Para entender o que a B\u00edblia fala<\/strong><strong> em Jo\u00e3o 5.16-17<\/strong><\/h4>\n<p>1) Qual o trabalho que Deus realiza (Is 42.5, 2Co7.6, Sl 146.5-10)?<\/p>\n<p>2) Qual foi o trabalho realizado por Jesus nesta passagem?<\/p>\n<p>3) Voc\u00ea faz parte desta fam\u00edlia?<\/p>\n<p>4) De que forma esta passagem te estimula a trabalhar?<\/p>\n<h4><strong>\u00a0<\/strong><strong>Hora de Avan\u00e7ar <\/strong><\/h4>\n<p><em>Para algu\u00e9m que vive em comunidade, com toda a sua din\u00e2mica,<\/em><br \/>\n<em>exig\u00eancias, car\u00eancias e necessidades,<\/em><br \/>\n<em>sempre haver\u00e1 uma <strong>miss\u00e3o<\/strong>.<\/em><br \/>\nRubem Amorese<\/p>\n<h4><strong>Para pensar<\/strong><\/h4>\n<p>Quanto mais cedo refletirmos em nossa vida p\u00f3s-aposentadoria melhor. \u00c9 certo tamb\u00e9m que nunca \u00e9 tarde para come\u00e7ar este planejamento.<\/p>\n<p>Ao contr\u00e1rio do que se pensa, n\u00e3o existe uma correla\u00e7\u00e3o forte entre idade e capacidade de mudan\u00e7as. Mudar \u00e9 sempre poss\u00edvel. A maior dificuldade est\u00e1 nos pensamentos e no temperamento que cultivamos.<\/p>\n<p>\u00c9 sempre bom trazer \u00e0 mem\u00f3ria o projeto original de Deus para a velhice. N\u00e3o h\u00e1 idade limite para dar contribui\u00e7\u00f5es relevantes \u00e0 sociedade (Sl 92.12-14). Basta seguir o exemplo dos pais da igreja.<\/p>\n<h4><strong>O que disseram <\/strong><\/h4>\n<p>\u201cTodo nosso servi\u00e7o no mundo pode e deve ser dedicado \u00e0 implanta\u00e7\u00e3o do reino de Deus. Por isso, toda profiss\u00e3o, por mais secular que pare\u00e7a, \u00e9 igualmente sagrada diante do Senhor. N\u00e3o deve ser como trabalho penoso, fadiga ou castigo de Deus, mas como uma oportunidade de realizar nossa voca\u00e7\u00e3o como seres humanos criados \u00e0 imagem do Criador e Trabalhador <em>par excellence<\/em>\u201d (Tim\u00f3teo Carriker, <a href=\"https:\/\/www.ultimato.com.br\/loja\/produtos\/trabalho-descanso-e-dinheiro\" target=\"_blank\" rel=\"noopener noreferrer\">Trabalho, Descanso e Dinheiro<\/a>, Editora Ultimato.)<\/p>\n<p>\u201cUma segunda carreira ou segunda ocupa\u00e7\u00e3o nasce de uma motiva\u00e7\u00e3o diferente, por\u00e9m social e busca um fim, fixa-se numa miss\u00e3o que leva o indiv\u00edduo a se organizar, a ser fiel, a manter uma prioridade frente os prazeres ego\u00edstas. Tudo isso se far\u00e1 por amor aos homens e n\u00e3o por dever, porque j\u00e1 n\u00e3o se trata de atividade profissional. \u00c9 uma maneira de estar no mundo e n\u00e3o de se evadir dele.\u201d (Paul Tournier, <a href=\"https:\/\/www.ultimato.com.br\/loja\/produtos\/e-preciso-saber-envelhecer\" target=\"_blank\" rel=\"noopener noreferrer\">\u00c9 preciso saber envelhecer<\/a>, Editora Ultimato)<\/p>\n<h4><strong>Para responder <\/strong><\/h4>\n<ul>\n<li>Voc\u00ea j\u00e1 teve algum momento em que pensou em sua aposentadoria? Como voc\u00ea se viu nesta situa\u00e7\u00e3o?<\/li>\n<li>Considerando que existe um momento em que a aposentadoria \u00e9 poss\u00edvel, e um momento em que ela \u00e9 compuls\u00f3ria, qual o tempo mais adequado para se preparar para aposentar?<\/li>\n<li>Compartilhe algumas experi\u00eancias de pessoas pr\u00f3ximas a voc\u00ea que se aposentaram. O que lhe chamou a aten\u00e7\u00e3o?<\/li>\n<\/ul>\n<h4><strong>Eu e Deus<\/strong><\/h4>\n<p>Quando olho \u00e0 frente vejo tantas possibilidade e desafios. Sei que cada fase da vida ser\u00e1 a melhor se eu a colocar dentro da vontade de Deus. Como uma constru\u00e7\u00e3o, vejo se aproximar a hora de sentar, planejar e dar continuidade \u00e0 obra singular que \u00e9 minha vida (Lc 14.28-30).<\/p>\n<p><em>Deus meu, abre os meus olhos para ver al\u00e9m do que est\u00e1 posto. D\u00e1-me um esp\u00edrito que se renova e for\u00e7as para caminhar bem at\u00e9 o fim. Am\u00e9m.<\/em><\/p>\n<blockquote><p>Autor: Marcelo Barreto<\/p><\/blockquote>\n<p><strong>Leia mais:<\/strong><\/p>\n<div class=\"gmail_default\">\u00bb <a href=\"https:\/\/www.ultimato.com.br\/revista\/artigos\/259\/a-biblia-e-o-idoso\">A B\u00edblia e o idoso<\/a>, Elben C\u00e9sar<\/div>\n<p>\u00bb <a href=\"https:\/\/www.ultimato.com.br\/revista\/356\" target=\"_blank\" rel=\"noopener noreferrer\">Experi\u00eancia e esperan\u00e7a na velhice<\/a><\/p>\n<p>\u00bb <a href=\"https:\/\/www.ultimato.com.br\/loja\/produtos\/e-preciso-saber-envelhecer\" target=\"_blank\" rel=\"noopener noreferrer\">\u00c9 Preciso Saber Envelhecer<\/a>, revista Ultimato, edi\u00e7\u00e3o 356<\/p>\n<p>\u00bb <a href=\"http:\/\/ultimato.com.br\/sites\/estudos-biblicos\/assunto\/vida-crista\/mente-aberta-versus-cabeca-dura\/\">Mente aberta <em>versus<\/em> cabe\u00e7a dura<\/a>, estudo b\u00edblico<\/p>\n","protected":false},"excerpt":{"rendered":"<p>S\u00e9rie | CONVERSANDO SOBRE O FUTURO \u2013 Estudo 3<\/p>\n<p>Se h\u00e1 uma \u00e1rea em que precisamos rever nossos conceitos e ajust\u00e1-los \u00e9 em rela\u00e7\u00e3o ao trabalho. A B\u00edblia fala que nosso Deus trabalha constantemente, inclusive a favor daqueles que nele esperam (Is 64.4). Jesus foi um exemplo de trabalho, ao aprender um of\u00edcio com seu pai, e durante todos os tr\u00eas anos de seu minist\u00e9rio terreno. O trabalho est\u00e1 presente desde a cria\u00e7\u00e3o at\u00e9 a reden\u00e7\u00e3o.<\/p>\n<p>Quando e qual \u00e9 o melhor momento para pensar na aposentadoria? O que voc\u00ea pode dizer sobre os amigos que j\u00e1 se aposentaram?<\/p>\n","protected":false},"author":21,"featured_media":46,"comment_status":"open","ping_status":"open","sticky":false,"template":"","format":"standard","meta":{"ngg_post_thumbnail":0,"footnotes":""},"categories":[18414,42451,164],"tags":[],"class_list":["post-3134","post","type-post","status-publish","format-standard","has-post-thumbnail","hentry","category-aconselhamento","category-serie-conversando-sobre-o-futuro","category-vida-crista"],"_links":{"self":[{"href":"https:\/\/ultimato.com.br\/sites\/estudos-biblicos\/wp-json\/wp\/v2\/posts\/3134","targetHints":{"allow":["GET"]}}],"collection":[{"href":"https:\/\/ultimato.com.br\/sites\/estudos-biblicos\/wp-json\/wp\/v2\/posts"}],"about":[{"href":"https:\/\/ultimato.com.br\/sites\/estudos-biblicos\/wp-json\/wp\/v2\/types\/post"}],"author":[{"embeddable":true,"href":"https:\/\/ultimato.com.br\/sites\/estudos-biblicos\/wp-json\/wp\/v2\/users\/21"}],"replies":[{"embeddable":true,"href":"https:\/\/ultimato.com.br\/sites\/estudos-biblicos\/wp-json\/wp\/v2\/comments?post=3134"}],"version-history":[{"count":8,"href":"https:\/\/ultimato.com.br\/sites\/estudos-biblicos\/wp-json\/wp\/v2\/posts\/3134\/revisions"}],"predecessor-version":[{"id":3225,"href":"https:\/\/ultimato.com.br\/sites\/estudos-biblicos\/wp-json\/wp\/v2\/posts\/3134\/revisions\/3225"}],"wp:featuredmedia":[{"embeddable":true,"href":"https:\/\/ultimato.com.br\/sites\/estudos-biblicos\/wp-json\/wp\/v2\/media\/46"}],"wp:attachment":[{"href":"https:\/\/ultimato.com.br\/sites\/estudos-biblicos\/wp-json\/wp\/v2\/media?parent=3134"}],"wp:term":[{"taxonomy":"category","embeddable":true,"href":"https:\/\/ultimato.com.br\/sites\/estudos-biblicos\/wp-json\/wp\/v2\/categories?post=3134"},{"taxonomy":"post_tag","embeddable":true,"href":"https:\/\/ultimato.com.br\/sites\/estudos-biblicos\/wp-json\/wp\/v2\/tags?post=3134"}],"curies":[{"name":"wp","href":"https:\/\/api.w.org\/{rel}","templated":true}]}}