{"id":3093,"date":"2020-09-23T16:48:47","date_gmt":"2020-09-23T19:48:47","guid":{"rendered":"http:\/\/ultimato.com.br\/sites\/estudos-biblicos\/?p=3093"},"modified":"2020-09-25T10:20:59","modified_gmt":"2020-09-25T13:20:59","slug":"o-sarara-crioulo-a-gente-e-com-a-gente","status":"publish","type":"post","link":"https:\/\/ultimato.com.br\/sites\/estudos-biblicos\/vida-crista\/o-sarara-crioulo-a-gente-e-com-a-gente\/","title":{"rendered":"O \u201cSarar\u00e1 crioulo\u201d \u2013 A gente e com a gente"},"content":{"rendered":"<p><strong>Texto b\u00e1sico: <\/strong>Lucas 4.16-19<\/p>\n<h4><strong>Introdu\u00e7\u00e3o<\/strong><\/h4>\n<p>De que trata o estudo?<\/p>\n<p>O Dia da Consci\u00eancia Negra \u2013 20 de novembro \u2013 incentiva a popula\u00e7\u00e3o em geral, incluindo n\u00f3s, crist\u00e3os, a refletir sobre suas a\u00e7\u00f5es e pensamentos. N\u00e3o temos dados hist\u00f3ricos que afirmam a exist\u00eancia de preconceito racial na \u00e9poca de Jesus \u2013 as minorias naquela \u00e9poca eram outras. O livro de Lucas fala sobre o minist\u00e9rio de Jesus e o capitulo 4 \u00e9 um dos cap\u00edtulos que mostra sua aten\u00e7\u00e3o para com as \u201cminorias\u201d.<\/p>\n<p>&nbsp;<\/p>\n<p>Sandra de S\u00e1 \u2013 Olhos coloridos<\/p>\n<p><em>\u201cVoc\u00ea ri da minha roupa<\/em><br \/>\n<em>Voc\u00ea ri do meu cabelo<\/em><br \/>\n<em>Voc\u00ea ri da minha pele<\/em><br \/>\n<em>Voc\u00ea ri do meu sorriso&#8230;<\/em><\/p>\n<p><em>A verdade \u00e9 que voc\u00ea<\/em><br \/>\n<em>(Todo brasileiro tem!)<\/em><br \/>\n<em>Tem sangue crioulo<\/em><br \/>\n<em>Tem cabelo duro<\/em><br \/>\n<em>Sarar\u00e1 crioulo&#8230;\u201d<\/em><\/p>\n<p>&nbsp;<\/p>\n<h4><strong>Pensando sobre os textos<\/strong><\/h4>\n<p><strong>1.<\/strong> Quem eram as minorias citadas por Jesus no texto?<\/p>\n<p><strong>2.<\/strong> Trazendo o texto para a \u00e9poca atual, quem Jesus incluiria na cita\u00e7\u00e3o?<\/p>\n<p><strong>3.<\/strong> Leia o trecho da m\u00fasica de Sandra de S\u00e1. O que a letra diz sobre a atitude de rir das caracter\u00edsticas de algu\u00e9m?<\/p>\n<p><strong>4.<\/strong> Quais s\u00e3o os maiores desafios enfrentados para que o nome de Jesus e a mensagem de vida que ele prega sejam conhecidos e vividos entre a popula\u00e7\u00e3o negra?<\/p>\n<p><strong>5.<\/strong> Pesquisas atuais atentam para o fato de que n\u00e3o basta falar sobre o racismo existente e sim encontrar formas de super\u00e1-lo. Como n\u00f3s podemos cooperar para a supera\u00e7\u00e3o do racismo e para a divulga\u00e7\u00e3o do evangelho de Jesus, para que chegue a todos?<\/p>\n<p>&nbsp;<\/p>\n<p><strong>Sinagoga <\/strong>\u2013 Local onde os judeus se reuniam para preces.<\/p>\n<p><strong>Minorias<\/strong> \u2013 O termo, utilizado inicialmente no meio acad\u00eamico, n\u00e3o se refere a quantidade num\u00e9rica e sim aos grupos sociais que est\u00e3o \u00e0 margem de uma sociedade como por exemplo os idosos, as crian\u00e7as, os negros, as mulheres<\/p>\n<p>&nbsp;<\/p>\n<blockquote><p>Autora do estudo: Luana Gomes, estudante de pedagogia da UERJ. Elaborado para o grupo da ABU UERJ e originalmente publicado pela <a href=\"http:\/\/www.abub.org.br\/\" target=\"_blank\" rel=\"noopener noreferrer\">Alian\u00e7a B\u00edblica Universit\u00e1ria do Brasil<\/a> (ABUB).<\/p><\/blockquote>\n<p>&nbsp;<\/p>\n<p><strong>Leia mais:<\/strong><br \/>\n\u00bb <a href=\"https:\/\/www.ultimato.com.br\/conteudo\/racismo-a-biblia-a-igreja-e-uma-conversa-que-nasce-da-dor\" target=\"_blank\" rel=\"noopener noreferrer\">Racismo \u2013 A B\u00edblia, a igreja e uma conversa que nasce da dor<\/a><br \/>\n\u00bb <a href=\"https:\/\/www.ultimato.com.br\/conteudo\/brasil-um-retrato-em-preto-e-branco-ou-em-branco-e-preto\" target=\"_blank\" rel=\"noopener noreferrer\">Brasil: Um retrato em preto e branco ou em branco e preto?<\/a><\/p>\n","protected":false},"excerpt":{"rendered":"<p>O Dia da Consci\u00eancia Negra \u2013 20 de novembro \u2013 incentiva a popula\u00e7\u00e3o em geral, incluindo n\u00f3s, crist\u00e3os, a refletir sobre suas a\u00e7\u00f5es e pensamentos. N\u00e3o temos dados hist\u00f3ricos que afirmam a exist\u00eancia de preconceito racial na \u00e9poca de Jesus \u2013 as minorias naquela \u00e9poca eram outras. O livro de Lucas fala sobre o minist\u00e9rio de Jesus e o capitulo 4 \u00e9 um dos cap\u00edtulos que mostra sua aten\u00e7\u00e3o para com as \u201cminorias\u201d.<\/p>\n","protected":false},"author":21,"featured_media":46,"comment_status":"open","ping_status":"open","sticky":false,"template":"","format":"standard","meta":{"ngg_post_thumbnail":0,"footnotes":""},"categories":[8461,164],"tags":[],"class_list":["post-3093","post","type-post","status-publish","format-standard","has-post-thumbnail","hentry","category-racismo","category-vida-crista"],"_links":{"self":[{"href":"https:\/\/ultimato.com.br\/sites\/estudos-biblicos\/wp-json\/wp\/v2\/posts\/3093","targetHints":{"allow":["GET"]}}],"collection":[{"href":"https:\/\/ultimato.com.br\/sites\/estudos-biblicos\/wp-json\/wp\/v2\/posts"}],"about":[{"href":"https:\/\/ultimato.com.br\/sites\/estudos-biblicos\/wp-json\/wp\/v2\/types\/post"}],"author":[{"embeddable":true,"href":"https:\/\/ultimato.com.br\/sites\/estudos-biblicos\/wp-json\/wp\/v2\/users\/21"}],"replies":[{"embeddable":true,"href":"https:\/\/ultimato.com.br\/sites\/estudos-biblicos\/wp-json\/wp\/v2\/comments?post=3093"}],"version-history":[{"count":4,"href":"https:\/\/ultimato.com.br\/sites\/estudos-biblicos\/wp-json\/wp\/v2\/posts\/3093\/revisions"}],"predecessor-version":[{"id":3106,"href":"https:\/\/ultimato.com.br\/sites\/estudos-biblicos\/wp-json\/wp\/v2\/posts\/3093\/revisions\/3106"}],"wp:featuredmedia":[{"embeddable":true,"href":"https:\/\/ultimato.com.br\/sites\/estudos-biblicos\/wp-json\/wp\/v2\/media\/46"}],"wp:attachment":[{"href":"https:\/\/ultimato.com.br\/sites\/estudos-biblicos\/wp-json\/wp\/v2\/media?parent=3093"}],"wp:term":[{"taxonomy":"category","embeddable":true,"href":"https:\/\/ultimato.com.br\/sites\/estudos-biblicos\/wp-json\/wp\/v2\/categories?post=3093"},{"taxonomy":"post_tag","embeddable":true,"href":"https:\/\/ultimato.com.br\/sites\/estudos-biblicos\/wp-json\/wp\/v2\/tags?post=3093"}],"curies":[{"name":"wp","href":"https:\/\/api.w.org\/{rel}","templated":true}]}}