{"id":3087,"date":"2020-09-24T16:33:39","date_gmt":"2020-09-24T19:33:39","guid":{"rendered":"http:\/\/ultimato.com.br\/sites\/estudos-biblicos\/?p=3087"},"modified":"2020-09-25T10:20:50","modified_gmt":"2020-09-25T13:20:50","slug":"o-amor-perfeito","status":"publish","type":"post","link":"https:\/\/ultimato.com.br\/sites\/estudos-biblicos\/teologia\/o-amor-perfeito\/","title":{"rendered":"O amor perfeito"},"content":{"rendered":"<p><strong>Texto b\u00e1sico: <\/strong>1 Jo\u00e3o 4.15-21<\/p>\n<h4><strong>Introdu\u00e7\u00e3o<\/strong><\/h4>\n<p>O texto descrito abaixo \u00e9 parte de uma carta do ap\u00f3stolo Jo\u00e3o escrita a um grupo de crist\u00e3os que se encontravam na \u00c1sia Menor (atual Turquia) por volta do ano 90 depois de Cristo. A \u00eanfase da carta \u00e9 sobre o amor e o trecho escolhido nortear\u00e1 nosso estudo.<\/p>\n<p>\u201cSe algu\u00e9m confessa publicamente que Jesus \u00e9 o Filho de Deus, Deus permanece nele, e ele em Deus. Assim conhecemos o amor que Deus tem por n\u00f3s e confiamos nesse amor. Deus \u00e9 amor. Todo aquele que permanece no amor permanece em Deus, e Deus nele. Dessa forma o amor est\u00e1 aperfei\u00e7oado entre n\u00f3s, para que no dia do ju\u00edzo tenhamos confian\u00e7a, porque neste mundo somos como ele. No amor n\u00e3o h\u00e1 medo; pelo contr\u00e1rio o perfeito amor expulsa o medo, porque o medo sup\u00f5e castigo. Aquele que tem medo n\u00e3o est\u00e1 aperfei\u00e7oado no amor. N\u00f3s amamos porque ele nos amou primeiro. Se algu\u00e9m afirmar: &#8220;Eu amo a Deus&#8221;, mas odiar seu irm\u00e3o, \u00e9 mentiroso, pois quem n\u00e3o ama seu irm\u00e3o, a quem v\u00ea, n\u00e3o pode amar a Deus, a quem n\u00e3o v\u00ea. Ele nos deu este mandamento: Quem ama a Deus, ame tamb\u00e9m seu irm\u00e3o.\u201d<\/p>\n<h4><strong>Gloss\u00e1rio<\/strong><\/h4>\n<p><strong>Amor<\/strong> \u2013 1. Sentimento que predisp\u00f5e algu\u00e9m a desejar o bem de outrem. 2. Sentimento de dedica\u00e7\u00e3o absoluta de um ser para outro, ou a uma causa.<br \/>\n<strong>\u00d3dio<\/strong> \u2013 1. Paix\u00e3o que impele desejar ou causar mal a algu\u00e9m, raiva, ira. 2. Avers\u00e3o a pessoa, atitude, coisa, etc.<br \/>\n<strong>Mandamento<\/strong> \u2013 1. Ato ou efeito de mandar, mandado, mando. 2. Preceito, regra. 3. A ordem contida num mandado.<\/p>\n<p>De que forma permanecemos em Deus e Deus em n\u00f3s? (vs.15-16)<\/p>\n<p><strong>1.<\/strong> Qual a sua compreens\u00e3o sobre o amor? E sobre o \u00f3dio?<\/p>\n<p><strong>2.<\/strong> Qual a rela\u00e7\u00e3o existente entre amor e medo? (v.18)<\/p>\n<p><strong>3.<\/strong> Como \u00e9 poss\u00edvel explicar a exist\u00eancia do amor na humanidade? (v.19)<\/p>\n<p><strong>4.<\/strong> Como \u00e9 feito o paralelo entre amor e \u00f3dio no vers\u00edculo 20?<\/p>\n<p><strong>5.<\/strong> Cite situa\u00e7\u00f5es cotidianas em que \u00e9 poss\u00edvel observar manifesta\u00e7\u00f5es de \u00f3dio.<\/p>\n<p>De acordo com o Dicion\u00e1rio Michaelis, <strong>racismo<\/strong> \u00e9 definido como: \u201c1. Teoria ou cren\u00e7a que estabelece uma hierarquia entre ra\u00e7as (etnias); 2. Doutrina que fundamenta o direito de uma ra\u00e7a, vista como pura e superior, de dominar outras; 3. Preconceito exagerado contra pessoas pertencentes a uma ra\u00e7a (etnia) diferente, geralmente considerada inferior; 4. Atitude hostil em rela\u00e7\u00e3o a certas categorias de indiv\u00edduos.\u201d<\/p>\n<p><strong>6.<\/strong> As consequ\u00eancias do racismo s\u00e3o avassaladoras em nossa sociedade. Dia ap\u00f3s dia vemos em notici\u00e1rios, observamos ao nosso redor ou at\u00e9 mesmo sentimos na pele o sofrimento provocado por atitudes racistas. Como podemos compreender o racismo \u00e0 luz de 1 Jo\u00e3o 4.15-21?<\/p>\n<p><strong>7.<\/strong> De que forma podemos expressar o amor de Deus para as outras pessoas?<\/p>\n<p><strong>8.<\/strong> Avalie a sua rela\u00e7\u00e3o com as pessoas ao seu redor, desde as mais pr\u00f3ximas at\u00e9 as rela\u00e7\u00f5es mais casuais, voc\u00ea tem expressado amor ou \u00f3dio? Voc\u00ea tem manifestado o amor de Deus pelas pessoas? Em que \u00e1reas \u00e9 preciso melhorar?<\/p>\n<p>&nbsp;<\/p>\n<blockquote><p>Autor do estudo: Agnaldo Lima, assessor auxiliar &#8211; ABU Salvador, BA. Parte do projeto ABUB Contra o Racismo, originalmente publicado pela <a href=\"http:\/\/www.abub.org.br\" target=\"_blank\" rel=\"noopener noreferrer\">Alian\u00e7a B\u00edblica Universit\u00e1ria do Brasil<\/a> (ABUB).<\/p><\/blockquote>\n<p>&nbsp;<\/p>\n<p><strong>Leia mais:<\/strong><br \/>\n\u00bb <a href=\"https:\/\/www.ultimato.com.br\/conteudo\/racismo-a-biblia-a-igreja-e-uma-conversa-que-nasce-da-dor\" target=\"_blank\" rel=\"noopener noreferrer\">Racismo \u2013 A B\u00edblia, a igreja e uma conversa que nasce da dor<\/a><br \/>\n\u00bb <a href=\"https:\/\/www.ultimato.com.br\/conteudo\/brasil-um-retrato-em-preto-e-branco-ou-em-branco-e-preto\" target=\"_blank\" rel=\"noopener noreferrer\">Brasil: Um retrato em preto e branco ou em branco e preto?<\/a><\/p>\n","protected":false},"excerpt":{"rendered":"<p>As consequ\u00eancias do racismo s\u00e3o avassaladoras em nossa sociedade. Dia ap\u00f3s dia vemos em notici\u00e1rios, observamos ao nosso redor ou at\u00e9 mesmo sentimos na pele o sofrimento provocado por atitudes racistas. Como podemos compreender o racismo \u00e0 luz de 1 Jo\u00e3o 4.15-21?<\/p>\n","protected":false},"author":21,"featured_media":47,"comment_status":"open","ping_status":"open","sticky":false,"template":"","format":"standard","meta":{"ngg_post_thumbnail":0,"footnotes":""},"categories":[8461,6051],"tags":[],"class_list":["post-3087","post","type-post","status-publish","format-standard","has-post-thumbnail","hentry","category-racismo","category-teologia"],"_links":{"self":[{"href":"https:\/\/ultimato.com.br\/sites\/estudos-biblicos\/wp-json\/wp\/v2\/posts\/3087","targetHints":{"allow":["GET"]}}],"collection":[{"href":"https:\/\/ultimato.com.br\/sites\/estudos-biblicos\/wp-json\/wp\/v2\/posts"}],"about":[{"href":"https:\/\/ultimato.com.br\/sites\/estudos-biblicos\/wp-json\/wp\/v2\/types\/post"}],"author":[{"embeddable":true,"href":"https:\/\/ultimato.com.br\/sites\/estudos-biblicos\/wp-json\/wp\/v2\/users\/21"}],"replies":[{"embeddable":true,"href":"https:\/\/ultimato.com.br\/sites\/estudos-biblicos\/wp-json\/wp\/v2\/comments?post=3087"}],"version-history":[{"count":6,"href":"https:\/\/ultimato.com.br\/sites\/estudos-biblicos\/wp-json\/wp\/v2\/posts\/3087\/revisions"}],"predecessor-version":[{"id":3105,"href":"https:\/\/ultimato.com.br\/sites\/estudos-biblicos\/wp-json\/wp\/v2\/posts\/3087\/revisions\/3105"}],"wp:featuredmedia":[{"embeddable":true,"href":"https:\/\/ultimato.com.br\/sites\/estudos-biblicos\/wp-json\/wp\/v2\/media\/47"}],"wp:attachment":[{"href":"https:\/\/ultimato.com.br\/sites\/estudos-biblicos\/wp-json\/wp\/v2\/media?parent=3087"}],"wp:term":[{"taxonomy":"category","embeddable":true,"href":"https:\/\/ultimato.com.br\/sites\/estudos-biblicos\/wp-json\/wp\/v2\/categories?post=3087"},{"taxonomy":"post_tag","embeddable":true,"href":"https:\/\/ultimato.com.br\/sites\/estudos-biblicos\/wp-json\/wp\/v2\/tags?post=3087"}],"curies":[{"name":"wp","href":"https:\/\/api.w.org\/{rel}","templated":true}]}}