{"id":2258,"date":"2018-09-14T00:00:00","date_gmt":"2018-09-14T03:00:00","guid":{"rendered":"http:\/\/ultimato.com.br\/sites\/estudos-biblicos\/?p=2258"},"modified":"2018-10-11T10:36:29","modified_gmt":"2018-10-11T13:36:29","slug":"justica-e-defesa-de-direitos-usando-a-sua-voz-para-fazer-campanhas-por-justica","status":"publish","type":"post","link":"https:\/\/ultimato.com.br\/sites\/estudos-biblicos\/assunto\/etica\/justica-e-defesa-de-direitos-usando-a-sua-voz-para-fazer-campanhas-por-justica\/","title":{"rendered":"Justi\u00e7a e defesa de direitos: usando a sua voz para fazer campanhas por justi\u00e7a"},"content":{"rendered":"<h4>S\u00e9rie \u201cViva com Justi\u00e7a\u201d | Estudo 5<\/h4>\n<blockquote><p>\u201cSe voc\u00ea for neutro em situa\u00e7\u00f5es de injusti\u00e7a, voc\u00ea ter\u00e1 escolhido ficar do lado do opressor.\u201d<\/p>\n<p>&#8211; Desmond Tutu<\/p><\/blockquote>\n<blockquote><p>\u201c\u00c9 imposs\u00edvel ignorarmos as implica\u00e7\u00f5es pol\u00edticas da justi\u00e7a b\u00edblica.\u201d<\/p>\n<p>&#8211; Joel Edwards<\/p><\/blockquote>\n<p><strong>Texto base:<\/strong> Ester 3:1-11, 4:13-14 e 8:3-8<\/p>\n<p>&nbsp;<\/p>\n<h4><strong>Perguntas para discuss\u00e3o<\/strong><\/h4>\n<ol>\n<li>Por que Ester teve receio em falar com o rei?<\/li>\n<li>Qual foi a import\u00e2ncia de Mardoqueu ter influenciado Ester a defender os direitos do seu povo, e quais s\u00e3o as implica\u00e7\u00f5es para o que entendemos sobre a defesa de direitos de natureza pol\u00edtica nos dias de hoje?<\/li>\n<li>A defesa de direitos exercida por Ester e pelo movimento Jubileu 2000 foi inspirada pelos pedidos feitos pelas pessoas oprimidas para que a defesa de direitos desafiasse a injusti\u00e7a. Voc\u00ea conhece exemplos disso nos movimentos de defesa de direitos da atualidade?<\/li>\n<li>Se aqueles que enfrentam injusti\u00e7as n\u00e3o influenciarem o nosso trabalho de defesa de direitos, quais ser\u00e3o os riscos?<\/li>\n<li>O que Deus est\u00e1 lhe dizendo, e como voc\u00ea vai responder?<\/li>\n<\/ol>\n<h4><strong>Trabalho em grupo<\/strong><\/h4>\n<p>Fa\u00e7am uma encena\u00e7\u00e3o de pap\u00e9is<sup>1<\/sup>, em que defendam os direitos da sua comunidade diante do propriet\u00e1rio e dos funcion\u00e1rios de uma f\u00e1brica de produtos qu\u00edmicos em rela\u00e7\u00e3o ao impacto desta na regi\u00e3o. Escolha duas ou tr\u00eas pessoas para atuarem nos pap\u00e9is de propriet\u00e1rio e funcion\u00e1rios da f\u00e1brica, e os demais poder\u00e3o ser os moradores da comunidade.<\/p>\n<p><strong>Os fatos:<\/strong><\/p>\n<ul>\n<li>A f\u00e1brica fica a 1 km da comunidade, rio acima.<\/li>\n<li>A f\u00e1brica est\u00e1 funcionando h\u00e1 quatro anos, e, nos \u00faltimos tr\u00eas meses, a comunidade tem enfrentado problemas.<\/li>\n<li>Grandes \u00e1reas de terra foram cercadas, causando o bloqueio da principal rota utilizada para levar o gado para pastar mais adiante no vale.<\/li>\n<li>Quando as roupas s\u00e3o lavadas no rio, elas ficam manchadas, e h\u00e1 uma maior incid\u00eancia de doen\u00e7as devido a polui\u00e7\u00e3o da \u00e1gua causada pela f\u00e1brica.<\/li>\n<\/ul>\n<p><strong>O contexto:<\/strong><\/p>\n<ul>\n<li>Voc\u00eas j\u00e1 discutiram as quest\u00f5es com a comunidade e decidiram que a melhor coisa a ser feita \u00e9 falar com o propriet\u00e1rio, com o qual voc\u00eas n\u00e3o tiveram nenhum contato desde que ele anunciou a comunidade a abertura da f\u00e1brica de produtos qu\u00edmicos h\u00e1 cinco anos.<\/li>\n<\/ul>\n<p><strong>A ser considerado:<\/strong><\/p>\n<ul>\n<li>O que voc\u00eas est\u00e3o tentando alcan\u00e7ar atrav\u00e9s desta reuni\u00e3o?<\/li>\n<li>Qual \u00e9 a mensagem principal de voc\u00eas?<\/li>\n<li>Qual abordagem voc\u00eas v\u00e3o usar na reuni\u00e3o? Que tom de linguagem voc\u00eas v\u00e3o adotar diante do propriet\u00e1rio?<\/li>\n<\/ul>\n<h4><strong>Trabalho Individual<\/strong><\/h4>\n<p>Voc\u00ea j\u00e1 pensou em uma maneira de promover a justi\u00e7a, de pronunciar-se e ser um(a) defensor(a) da justi\u00e7a diante dos seus l\u00edderes? Comprometa-se com algo espec\u00edfico, talvez se responsabilizando em organizar um treinamento sobre defesa de direitos para a sua igreja ou em escrever uma carta por m\u00eas para o governo do seu pa\u00eds sobre uma quest\u00e3o de justi\u00e7a. Inclua este compromisso no seu plano de a\u00e7\u00e3o.<strong>&nbsp;<\/strong><\/p>\n<h4><strong>Ora\u00e7\u00e3o<\/strong><\/h4>\n<p>Senhor, d\u00e1-me coragem para assumir riscos, assim como Ester, e para desafiar a injusti\u00e7a, mesmo que isso tenha um grande custo para mim. Ajuda-me a fazer um bom uso das minhas opini\u00f5es e contribui\u00e7\u00f5es e a defender a justi\u00e7a diante dos governantes eleitos. Orienta o nosso governo e os l\u00edderes que tomam decis\u00f5es importantes que afetam pessoas em todo o mundo. D\u00e1-lhes sabedoria, abertura e sensibilidade ao clamor dos que vivem na pobreza.<\/p>\n<hr>\n<h4><strong>PARA SABER MAIS<\/strong><\/h4>\n<p><strong>&nbsp;<\/strong><\/p>\n<h4><strong>Defini\u00e7\u00f5es<\/strong><\/h4>\n<p><strong>O G8 (ou Grupo dos 8)<\/strong>: Um f\u00f3rum para os governos de oito das principais economias do mundo, que periodicamente se re\u00fanem para discutir quest\u00f5es de interesse global. Os Estados membros s\u00e3o: Canad\u00e1, Fran\u00e7a, Alemanha, It\u00e1lia, Jap\u00e3o, R\u00fassia, Reino Unido e Estados Unidos.<\/p>\n<p><strong>Defesa de Direitos<\/strong>: Influenciar as decis\u00f5es, as pol\u00edticas e as pr\u00e1ticas de decisores poderosos a fim de lidar com as causas fundamentais da pobreza, trazer justi\u00e7a e apoiar o bom desenvolvimento. O trabalho de defesa de direitos nunca gera apenas mais conscientiza\u00e7\u00e3o sobre uma quest\u00e3o, um problema ou uma situa\u00e7\u00e3o. Ela sempre procura mudar as pol\u00edticas, pr\u00e1ticas, sistemas, estruturas, decis\u00f5es e atitudes causadoras da quest\u00e3o, do problema ou da situa\u00e7\u00e3o para que passem a atuar a favor das pessoas que vivem na pobreza e sofrem injusti\u00e7as.<strong>&nbsp;<\/strong><\/p>\n<hr>\n<h4><strong>Fazer campanhas funciona<\/strong><\/h4>\n<p><strong><em>Por Ashley Walker<\/em><\/strong><\/p>\n<p>Elinata Kasanga mora na Aldeia Nguluka, na Z\u00e2mbia. Elinata lembra-se de uma \u00e9poca da hist\u00f3ria do seu vilarejo em que os moradores n\u00e3o conseguiam atender as suas necessidades b\u00e1sicas. Eles n\u00e3o conseguiam pagar as taxas cobradas pelas cl\u00ednicas de sa\u00fade ou as matr\u00edculas escolares. A maioria dos moradores do vilarejo sobrevivia com uma refei\u00e7\u00e3o por dia e bebia \u00e1gua de c\u00f3rregos contaminados na vizinhan\u00e7a. A incapacidade de atender as necessidades b\u00e1sicas foi agravada pelo fato de que o Governo da Z\u00e2mbia devia bilh\u00f5es de d\u00f3lares aos governos de pa\u00edses mais ricos. O dinheiro que estava sendo gasto com o pagamento da d\u00edvida era dinheiro que podia estar sendo usado para ajudar as pessoas pobres. Al\u00e9m disso, os pagamentos n\u00e3o conseguiam acompanhar o mesmo ritmo dos aumentos de juros.<\/p>\n<p>Pessoas de todo o mundo come\u00e7aram a agir, sendo que os crist\u00e3os assumiram uma posi\u00e7\u00e3o de lideran\u00e7a, acreditando que era injustific\u00e1vel fazer cumprir os pagamentos das d\u00edvidas em detrimento do atendimento das necessidades b\u00e1sicas da vida. Por esse motivo, a campanha Jubileu 2000 foi iniciada, defendendo o cancelamento das d\u00edvidas que as na\u00e7\u00f5es empobrecidas n\u00e3o podiam pagar aos pa\u00edses mais ricos do Norte Global e ao Banco Mundial, como uma forma de celebrar o Mil\u00eanio no ano 2000. O Ano do Jubileu (Lev\u00edtico 25) foi constitu\u00eddo com base no pressuposto de que, sem controle, a ordem social, pol\u00edtica e econ\u00f4mica destruiria as comunidades por causa da gan\u00e2ncia e de pr\u00e1ticas injustas. O Jubileu era uma oportunidade para come\u00e7ar novamente do zero, e a campanha Jubileu 2000 foi uma oportunidade para aplicar este princ\u00edpio b\u00edblico em tempos modernos.<\/p>\n<p>Mais de vinte e quatro milh\u00f5es de pessoas assinaram a peti\u00e7\u00e3o da campanha Jubileu 2000. Assinaturas, impress\u00f5es digitais e peti\u00e7\u00f5es feitas por e-mail foram coletadas de mais de 155 pa\u00edses. A peti\u00e7\u00e3o foi entregue a C\u00fapula do Mil\u00eanio das Na\u00e7\u00f5es Unidas em setembro de 2000. Organiza\u00e7\u00f5es e campanhas nacionais em mais de sessenta pa\u00edses fizeram lobby, campanhas e manifesta\u00e7\u00f5es e implementaram iniciativas de conscientiza\u00e7\u00e3o. As atividades inclu\u00edram desde campanhas de reda\u00e7\u00e3o de cartas dirigidas a parlamentares por parte dos cidad\u00e3os, at\u00e9 encontros nacionais com altas celebridades, unidas pelo s\u00edmbolo de correntes humanas.<\/p>\n<p>A campanha Jubileu 2000 conseguiu fazer com que muitas d\u00edvidas fossem canceladas para os pa\u00edses eleg\u00edveis, mas n\u00e3o parou por a\u00ed. Pessoas de todo o mundo continuaram a fazer campanhas e, desde 1996, outras d\u00edvidas contra\u00eddas por pa\u00edses pobres foram canceladas, correspondendo a mais de US$ 130 bilh\u00f5es.<\/p>\n<p>Por causa disso, os centros de sa\u00fade administrados pelo governo na comunidade de Elinata agora est\u00e3o completamente abastecidos com medicamentos e as escolas s\u00e3o gratuitas at\u00e9 o s\u00e9timo ano de escolaridade. Pela primeira vez, Elinata e a comunidade dela tem acesso a \u00e1gua pot\u00e1vel.<\/p>\n<p>Al\u00e9m da Aldeia Nguluka, depois que as d\u00edvidas foram canceladas<sup>2<\/sup>:<\/p>\n<ul>\n<li>1,5 milh\u00e3o de crian\u00e7as retornaram \u00e0 escola em Uganda, depois que o governo parou de cobrar matr\u00edculas escolares.<\/li>\n<li>500.000 crian\u00e7as em Mo\u00e7ambique foram vacinadas.<\/li>\n<li>Servi\u00e7os de sa\u00fade foram prestados gratuitamente a milh\u00f5es de pessoas que vivem na zona rural da Z\u00e2mbia, muitas das quais nunca haviam tido acesso a qualquer tipo de servi\u00e7o moderno de sa\u00fade at\u00e9 ent\u00e3o.<\/li>\n<li>2.500 novas escolas prim\u00e1rias foram abertas e 28.000 novos professores foram treinados, possibilitando que 98 por cento das crian\u00e7as da Tanz\u00e2nia se matriculassem no ensino prim\u00e1rio.<\/li>\n<\/ul>\n<p>Desmond Tutu disse numa ocasi\u00e3o: \u201cChegamos a um ponto em que precisamos parar de apenas tirar as pessoas do rio. Precisamos ir rio acima e descobrir o motivo pelo qual elas est\u00e3o caindo no rio\u201d. A campanha Jubileu fez exatamente isso e continua transformando vidas at\u00e9 hoje. Muitas pessoas foram transformadas por terem participado da campanha, tendo visto que uma grande injusti\u00e7a pode ser considerada algo normal na maneira como o mundo funciona e tendo encontrado a sua pr\u00f3pria voz para ajudar a super\u00e1-la.<\/p>\n<hr>\n<p><strong>Notas<br \/>\n<\/strong>1. Adaptado do Kit de Ferramentas de Advocacy da Tearfund (ROOTS 1 e 2), 2015.<br \/>\n2. Estat\u00edsticas: www.jubileeusa.org, www.one.org e www.oxfam.org<\/p>\n<hr>\n<p>&gt;&gt; Acesse mais recursos <a href=\"http:\/\/tearfundbrasil.org\/wp-content\/uploads\/Live-Justly_Portuguese_AW_no_blanks.pdf\">aqui<\/a> e <a href=\"http:\/\/www.livejust.ly\/\">aqui<\/a>.<\/p>\n<p>&gt;&gt; Para acessar todos os estudos da s\u00e9rie, <a href=\"https:\/\/ultimato.com.br\/sites\/estudos-biblicos\/categoria\/series\/serie-viva-com-justica\/\" target=\"_blank\" rel=\"noopener\">clique aqui<\/a>.<\/p>\n<p>&gt;&gt;&gt; Estudo b\u00edblico retirado da <em>Sess\u00e3o Cinco<\/em> do livro <a href=\"http:\/\/tearfundbrasil.org\/wp-content\/uploads\/Live-Justly_Portuguese_AW_no_blanks.pdf\"><strong>Viva com Justi\u00e7a<\/strong><\/a>, de Tearfund e Desafio Miqueias. Reproduzido com permiss\u00e3o.<\/p>\n","protected":false},"excerpt":{"rendered":"<p>S\u00e9rie \u201cViva com Justi\u00e7a\u201d | Estudo 5<\/p>\n<p>\u201cSe voc\u00ea for neutro em situa\u00e7\u00f5es de injusti\u00e7a, voc\u00ea ter\u00e1 escolhido ficar do lado do opressor.\u201d<br \/>\n&#8211; Desmond Tutu<\/p>\n<p>O que a B\u00edblia diz sobre defesa de direitos e a luta contra a injusti\u00e7a?<\/p>\n","protected":false},"author":21,"featured_media":53,"comment_status":"open","ping_status":"open","sticky":false,"template":"","format":"standard","meta":{"ngg_post_thumbnail":0,"footnotes":""},"categories":[7636,8420,36836],"tags":[36846,5456,36836,7642],"class_list":["post-2258","post","type-post","status-publish","format-standard","has-post-thumbnail","hentry","category-etica","category-lideranca","category-serie-viva-com-justica","tag-advocacy","tag-direitos","tag-serie-viva-com-justica","tag-sociedade"],"_links":{"self":[{"href":"https:\/\/ultimato.com.br\/sites\/estudos-biblicos\/wp-json\/wp\/v2\/posts\/2258","targetHints":{"allow":["GET"]}}],"collection":[{"href":"https:\/\/ultimato.com.br\/sites\/estudos-biblicos\/wp-json\/wp\/v2\/posts"}],"about":[{"href":"https:\/\/ultimato.com.br\/sites\/estudos-biblicos\/wp-json\/wp\/v2\/types\/post"}],"author":[{"embeddable":true,"href":"https:\/\/ultimato.com.br\/sites\/estudos-biblicos\/wp-json\/wp\/v2\/users\/21"}],"replies":[{"embeddable":true,"href":"https:\/\/ultimato.com.br\/sites\/estudos-biblicos\/wp-json\/wp\/v2\/comments?post=2258"}],"version-history":[{"count":16,"href":"https:\/\/ultimato.com.br\/sites\/estudos-biblicos\/wp-json\/wp\/v2\/posts\/2258\/revisions"}],"predecessor-version":[{"id":2304,"href":"https:\/\/ultimato.com.br\/sites\/estudos-biblicos\/wp-json\/wp\/v2\/posts\/2258\/revisions\/2304"}],"wp:featuredmedia":[{"embeddable":true,"href":"https:\/\/ultimato.com.br\/sites\/estudos-biblicos\/wp-json\/wp\/v2\/media\/53"}],"wp:attachment":[{"href":"https:\/\/ultimato.com.br\/sites\/estudos-biblicos\/wp-json\/wp\/v2\/media?parent=2258"}],"wp:term":[{"taxonomy":"category","embeddable":true,"href":"https:\/\/ultimato.com.br\/sites\/estudos-biblicos\/wp-json\/wp\/v2\/categories?post=2258"},{"taxonomy":"post_tag","embeddable":true,"href":"https:\/\/ultimato.com.br\/sites\/estudos-biblicos\/wp-json\/wp\/v2\/tags?post=2258"}],"curies":[{"name":"wp","href":"https:\/\/api.w.org\/{rel}","templated":true}]}}