{"id":1461,"date":"2016-07-29T11:32:08","date_gmt":"2016-07-29T14:32:08","guid":{"rendered":"http:\/\/ultimato.com.br\/sites\/estudos-biblicos\/?p=1461"},"modified":"2020-07-21T10:29:29","modified_gmt":"2020-07-21T13:29:29","slug":"jesus-uma-mao-para-quem-nao-tem","status":"publish","type":"post","link":"https:\/\/ultimato.com.br\/sites\/estudos-biblicos\/vida-crista\/jesus-uma-mao-para-quem-nao-tem\/","title":{"rendered":"Jesus: uma m\u00e3o para quem n\u00e3o tem"},"content":{"rendered":"<h3>Jesus: uma m\u00e3o para quem n\u00e3o tem<\/h3>\n<h5>S\u00c9RIE REVISTA ULTIMATO<br \/>\n<strong>Artigo: <a href=\"http:\/\/www.ultimato.com.br\/revista\/artigos\/361\/o-rei-esta-nu-o-rei-a-menina-e-o-profeta\">O\u00a0rei est\u00e1 nu! O Rei, a Menina e o Profeta<\/a>, por\u00a0Valdir Steuernagel<\/strong><\/h5>\n<p><strong>Texto b\u00e1sico:<\/strong> Marcos 3.1-8<\/p>\n<p><strong>Textos de apoio<\/strong><br \/>\n&#8211; Salmo 51. 16-17<br \/>\n&#8211; Os\u00e9ias 6. 6<br \/>\n&#8211; Miqu\u00e9ias 6. 6-8<br \/>\n&#8211; Marcos 2. 22-28<br \/>\n&#8211; Lucas 11. 37-54<br \/>\n&#8211; 2 Cor\u00edntios 1. 3-4<\/p>\n<h4>Introdu\u00e7\u00e3o<\/h4>\n<p>Acredito que todos n\u00f3s, sem exce\u00e7\u00e3o, damos o devido valor \u00e0 gra\u00e7a de Deus e entendemos o seu papel primordial em nossas vidas. N\u00e3o poderia mesmo ser diferente. O problema surge quando n\u00e3o conseguimos &#8230;<\/p>\n<p>Para ler o estudo b\u00edblico na \u00edntegra, acesse a <a href=\"https:\/\/www.ultimato.com.br\/revista\/artigos\/361\/jesus-uma-mao-para-quem-nao-tem\">edi\u00e7\u00e3o 361 da revista Ultimato<\/a>.<\/p>\n<p><script async src=\"\/\/pagead2.googlesyndication.com\/pagead\/js\/adsbygoogle.js\"><\/script><br \/>\n<!-- Estudos B\u00edblicos Conte\u00fado Correspondente --><br \/>\n<ins class=\"adsbygoogle\" style=\"display: inline-block; width: 300px; height: 250px;\" data-ad-client=\"ca-pub-0728556896657723\" data-ad-slot=\"2818804809\"><\/ins><br \/>\n<script>\n(adsbygoogle = window.adsbygoogle || []).push({});\n<\/script><\/p>\n","protected":false},"excerpt":{"rendered":"<p>ESTUDO B\u00cdBLICO  |  S\u00e9rie Revista Ultimato &#8211; edi\u00e7\u00e3o 361<\/p>\n<p>Nem sempre conseguimos discernir as manifesta\u00e7\u00f5es da gra\u00e7a de Deus ao nosso redor. E, quase sempre, tentamos \u201cdomesticar\u201d e delimitar a sua amplitude na vida das pessoas. Parece mais f\u00e1cil ser Deus do que amar a Deus; mais f\u00e1cil controlar as pessoas do que amar as pessoas. Como podemos enfrentar os extremos do legalismo (regras mais importantes que pessoas) e do relativismo (aus\u00eancia de certo e errado)?<\/p>\n","protected":false},"author":6,"featured_media":53,"comment_status":"open","ping_status":"open","sticky":false,"template":"","format":"standard","meta":{"ngg_post_thumbnail":0,"footnotes":""},"categories":[7636,18697,164],"tags":[],"class_list":["post-1461","post","type-post","status-publish","format-standard","has-post-thumbnail","hentry","category-etica","category-serie-revista-ultimato","category-vida-crista"],"_links":{"self":[{"href":"https:\/\/ultimato.com.br\/sites\/estudos-biblicos\/wp-json\/wp\/v2\/posts\/1461","targetHints":{"allow":["GET"]}}],"collection":[{"href":"https:\/\/ultimato.com.br\/sites\/estudos-biblicos\/wp-json\/wp\/v2\/posts"}],"about":[{"href":"https:\/\/ultimato.com.br\/sites\/estudos-biblicos\/wp-json\/wp\/v2\/types\/post"}],"author":[{"embeddable":true,"href":"https:\/\/ultimato.com.br\/sites\/estudos-biblicos\/wp-json\/wp\/v2\/users\/6"}],"replies":[{"embeddable":true,"href":"https:\/\/ultimato.com.br\/sites\/estudos-biblicos\/wp-json\/wp\/v2\/comments?post=1461"}],"version-history":[{"count":10,"href":"https:\/\/ultimato.com.br\/sites\/estudos-biblicos\/wp-json\/wp\/v2\/posts\/1461\/revisions"}],"predecessor-version":[{"id":2909,"href":"https:\/\/ultimato.com.br\/sites\/estudos-biblicos\/wp-json\/wp\/v2\/posts\/1461\/revisions\/2909"}],"wp:featuredmedia":[{"embeddable":true,"href":"https:\/\/ultimato.com.br\/sites\/estudos-biblicos\/wp-json\/wp\/v2\/media\/53"}],"wp:attachment":[{"href":"https:\/\/ultimato.com.br\/sites\/estudos-biblicos\/wp-json\/wp\/v2\/media?parent=1461"}],"wp:term":[{"taxonomy":"category","embeddable":true,"href":"https:\/\/ultimato.com.br\/sites\/estudos-biblicos\/wp-json\/wp\/v2\/categories?post=1461"},{"taxonomy":"post_tag","embeddable":true,"href":"https:\/\/ultimato.com.br\/sites\/estudos-biblicos\/wp-json\/wp\/v2\/tags?post=1461"}],"curies":[{"name":"wp","href":"https:\/\/api.w.org\/{rel}","templated":true}]}}