{"id":1222,"date":"2016-03-21T12:04:18","date_gmt":"2016-03-21T15:04:18","guid":{"rendered":"http:\/\/ultimato.com.br\/sites\/estudos-biblicos\/?p=1222"},"modified":"2016-03-21T12:04:18","modified_gmt":"2016-03-21T15:04:18","slug":"jesus-um-filosofo-carismatico","status":"publish","type":"post","link":"https:\/\/ultimato.com.br\/sites\/estudos-biblicos\/vida-crista\/jesus-um-filosofo-carismatico\/","title":{"rendered":"Jesus, um fil\u00f3sofo carism\u00e1tico?"},"content":{"rendered":"<h2><strong>Jesus, um fil\u00f3sofo carism\u00e1tico?<\/strong><\/h2>\n<p><strong>Texto B\u00e1sico: <\/strong>Jo\u00e3o 14.1-6<\/p>\n<p><em>\u201cN\u00e3o se turbe o vosso cora\u00e7\u00e3o; credes em Deus, crede tamb\u00e9m em mim.\u201d<\/em><\/p>\n<p><strong>Leia a B\u00edblia diariamente<\/strong><br \/>\n<strong>S \u2013 <\/strong>Mc 5.1-14<br \/>\n<strong>T \u2013 <\/strong>Mc 8.27-30<br \/>\n<strong>Q \u2013 <\/strong>Mc 9.2-8<br \/>\n<strong>Q \u2013 <\/strong>Jo 6.28-40<br \/>\n<strong>S \u2013 <\/strong>Jo 8.12-18<br \/>\n<strong>S \u2013 <\/strong>Jo 10.7-16<br \/>\n<strong>D \u2013 <\/strong>Jo 11.20-27<\/p>\n<p>Voc\u00ea conhece o monumento do Cristo Redentor no Rio de Janei\u00adro? \u00c9 um monumento impressionante, constru\u00eddo no topo de uma montanha. Toneladas de concreto moldam a est\u00e1tua de um homem de bra\u00e7os abertos. Mas algo interessante chama a aten\u00e7\u00e3o &#8211; os seus olhos miram para o horizonte, longe da mis\u00e9ria, das favelas, dos assaltos, dos crimes, do tr\u00e1fico de drogas, longe das pessoas. \u00c9 um Cristo distante, com cora\u00e7\u00e3o de pedra.<\/p>\n<p>Esse Cristo \u00e9 colocado de bra\u00e7os abertos, onde o homem pecador o quer: l\u00e1 no alto, longe da sua vida; cego, para n\u00e3o ver seus erros; mudo, para n\u00e3o exigir mudan\u00e7a de vida, compromisso e obedi\u00eancia incondicional.<\/p>\n<p>Na li\u00e7\u00e3o passada, conhecemos um Cristo que teve uma vida diferente e que fez diferen\u00e7a, pois foi o pr\u00f3prio Deus que viveu entre n\u00f3s. A Sua mensagem, as Suas atitudes, os Seus valores e a Sua vida foram t\u00e3o impac\u00adtantes, que dividiram a hist\u00f3ria da humanidade em duas \u00e9pocas: Antes de Cristo e depois de Cristo. Mas quem foi esse homem?<\/p>\n<p>Na aula de hoje, o Evangelho de Marcos serve como ponto de partida para desvendar a pergunta: \u201cQuem era Jesus para as pessoas da Sua \u00e9poca?\u201d, e o Evangelho de Jo\u00e3o serve para descobrir: \u201cQuem disse Jesus que Ele era?\u201d.<\/p>\n<h3><b><strong>I. Quem \u00e9 este? (Mc 4.41)<\/strong><\/b><\/h3>\n<ul>\n<li><b><strong>Os dem\u00f4nios testificaram a respeito de Jesus<\/strong><\/b><\/li>\n<\/ul>\n<p><strong>\u00a0<\/strong><em>&#8220;Que temos n\u00f3s contigo, Jesus Nazareno? Vieste para perder-nos? Bem sei quem \u00e9s: o Santo de Deus!\u201d (Marcos 1.24)<\/em><\/p>\n<p><em>\u201cTamb\u00e9m os esp\u00edritos imundos, quando o viam, prostravam-se diante dele e exclamavam: Tu \u00e9s o Filho de Deus.\u201d (Marcos 3.11)<\/em><\/p>\n<p>Quando, de longe, viu Jesus, correu e o adorou, exclamando com alta voz: <em>\u201cQue tenho eu contigo, Jesus, Filho do Deus Alt\u00edssimo?\u201d <\/em>(Mc 5.6-7)<\/p>\n<p>At\u00e9 os dem\u00f4nios reconheciam quem era Jesus! Esse fato nos deve chamar a aten\u00e7\u00e3o porque reconhecer quem \u00e9 Jesus n\u00e3o \u00e9 suficiente para sermos salvos.<\/p>\n<ul>\n<li><b><strong>Pedro testificou a respeito de Jesus<\/strong><\/b><\/li>\n<\/ul>\n<p><em>\u201cEnt\u00e3o, lhes perguntou: Mas v\u00f3s, quem dizeis que eu sou? Respondendo, Pedro lhe disse: Tu \u00e9s o Cristo\u201d <\/em>(Mc 8.29)<\/p>\n<ul>\n<li><b><strong>O pr\u00f3prio Deus-Pai testificou a respeito de Jesus<\/strong><\/b><\/li>\n<\/ul>\n<p><em>\u201cA seguir, veio uma nuvem que os envolveu; e dela uma voz dizia: Este \u00e9 o meu Filho amado; a ele ouvi\u201d <\/em>(Mc 9.7)<\/p>\n<ul>\n<li><b><strong>O centuri\u00e3o romano testificou a respeito de Jesus<\/strong><\/b><\/li>\n<\/ul>\n<p><em>\u201cO centuri\u00e3o que estava em frente dele, vendo que assim expirara, disse: Verdadeiramente, este homem era o filho de Deus\u201d <\/em>(Mc 15.39)<\/p>\n<p>Alguns pensavam que Cristo era apenas um simples carpinteiro (Mc 6.3). Outros pen\u00adsavam que Jesus era Jo\u00e3o Batista, Elias, ou alguns dos profetas. Nos nossos dias, muitos veem a Cristo como um homem bom que viveu uma vida exemplar, por\u00e9m, poucos creem que Ele \u00e9 o pr\u00f3prio Deus, o \u00fanico Mediador da salva\u00e7\u00e3o, a \u00fanica fonte de vida e paz, o pr\u00f3prio Pastor e o melhor Amigo.<\/p>\n<h3><b><strong>II. Quem Jesus disse que Ele era?<\/strong><\/b><\/h3>\n<ul>\n<li><strong>\u00a0<\/strong><strong><em>\u201cEu sou o P\u00e3o da Vida\u201d<\/em><\/strong> (Jo 6.35)<\/li>\n<\/ul>\n<p>Cristo n\u00e3o \u00e9 o p\u00e3o da padaria (alimento para o f\u00edsico), mas \u00e9 a fonte de todo suprimento e satisfa\u00e7\u00e3o (alimento espiritual).<\/p>\n<ul>\n<li><b><strong><em>\u201cEu sou a Luz no Mundo\u201d<\/em><\/strong> (Jo 8.12)<\/b><\/li>\n<\/ul>\n<p>Sem racionamento de energia, Cristo \u00e9 a provis\u00e3o que nunca falha e faz diferen\u00e7a.<\/p>\n<ul>\n<li><b><strong><em>\u201cEu Sou a Porta\u201d <\/em><\/strong>(Jo 10.7,9)<\/b><\/li>\n<\/ul>\n<p>Estar perto n\u00e3o significa estar dentro. Cristo \u00e9 o \u00fanico mediador para a salva\u00e7\u00e3o.<\/p>\n<ul>\n<li><b><strong><em>\u201cEu Sou o Bom Pastor\u201d <\/em><\/strong>(Jo 10.11,14)<\/b><strong>\u00a0<\/strong><\/li>\n<\/ul>\n<p>Todos aqueles que ouvem a voz de Cristo e O seguem t\u00eam a garantia do Seu cuidado e prote\u00e7\u00e3o.<\/p>\n<ul>\n<li><b><strong><em>\u201cEu Sou a Ressurrei\u00e7\u00e3o e a Vida\u201d <\/em><\/strong>(Jo 11.25)<\/b><\/li>\n<\/ul>\n<p><strong>\u00a0<\/strong>A morte n\u00e3o tem a \u00faltima palavra sobre a nossa vida. Cristo \u00e9 a certeza da vida eterna.<\/p>\n<ul>\n<li><b><strong><em>\u201cEu Sou o Caminha, a Verdade, e a Vida\u201d <\/em><\/strong>(Jo 14.6)<\/b><\/li>\n<\/ul>\n<p>N\u00e3o existem atalhos para alcan\u00e7ar a salva\u00e7\u00e3o \u2013 Cristo \u00e9 o \u00fanico caminho \u00e0 vida eterna.<\/p>\n<ul>\n<li><em><b><strong>\u201cEu Sou a Videira Verdadeira\u201d <\/strong><\/b><strong>(Jo 15.1-5)<\/strong><\/em><\/li>\n<\/ul>\n<p>Cristo \u00e9 a \u00fanica fonte de vida abundante, sem Ele nada podemos fazer.<\/p>\n<p>Qual \u00e9 a implica\u00e7\u00e3o de tudo isso? \u201cse n\u00e3o crerdes que EU SOU, morrereis nos vossos pecados\u201d (Jo 8.24). Que desafio para n\u00f3s!<\/p>\n<h3><b><strong>III. E eu, jovem crente? Quem sou?<\/strong><\/b><\/h3>\n<p>Alexandre, \u201cO Grande\u201d, foi o maior conquistador do mundo antigo. Tr\u00eas s\u00e9culos antes de Cristo, aos trinta anos de idade, Alexandre j\u00e1 havia conquistado o mundo conhecido na \u00e9poca. Quando este conquistador chegou com o seu ex\u00e9rcito at\u00e9 o mar, chorou, pois n\u00e3o havia mais terras para serem conquistadas. Os historiadores o descrevem como um excelente estrategista e um severo comandante, n\u00e3o tolerando soldados covardes ou desertores.<\/p>\n<p>No meio de uma batalha, um jovem soldado com medo da morte se escondeu do inimi\u00adgo, mas foi achado pelos seus companheiros e levado \u00e0 presen\u00e7a de Alexandre. Os soldados relataram o ato de covardia do jovem rapaz. Ent\u00e3o, o severo comandante lhe perguntou: Qual \u00e9 o seu nome? O rapaz, completamente tomado pela vergonha e medo da puni\u00e7\u00e3o, respondeu com uma voz tr\u00eamula: A&#8230;le&#8230;xan&#8230;d&#8230;r&#8230;e \u00e9 o meu nome. Ent\u00e3o, \u201cO Grande Alexandre\u201d, fitando os olhos no rapaz, lhe disse: \u201c<strong>ou mude de atitude, ou mude de nome<\/strong>\u201d, e o mandou voltar para a batalha.<\/p>\n<p>Hoje, o Senhor Jesus lhe pergunta: \u201cqual \u00e9 o seu nome?\u201d. Se seu nome \u00e9 crist\u00e3o, mas voc\u00ea tem sido t\u00edmido, ou carnal, ou tem se envergonhado de falar e viver para Cristo&#8230; ent\u00e3o, Ele lhe diz: ou mude de atitude ou mude de nome.<\/p>\n<h3><strong>Conclus\u00e3o<\/strong><\/h3>\n<p>Jesus foi mais que um <em>\u201csimples carpinteiro\u201d <\/em>(Mc 6.3). Jesus \u00e9 o Cristo e o Filho de Deus. Foi o pr\u00f3prio Deus encarnado que viveu entre n\u00f3s, como um homem pobre, sem majestade ou riqueza. Mas Sua mensagem foi de salva\u00e7\u00e3o. Nas Suas atitudes, as pessoas viam o pr\u00f3prio Deus agindo. Os Seus valores eram inegoci\u00e1veis. A Sua vida foi um exemplo de amor, humil\u00addade e obedi\u00eancia, impactando de tal maneira o mundo que a hist\u00f3ria da humanidade e a vida das pessoas foram divididas em duas \u00e9pocas&#8230; Antes de Cristo e depois de Cristo.<\/p>\n<p>Jesus Cristo j\u00e1 dividiu a sua hist\u00f3ria?<\/p>\n<p>Se Ele j\u00e1 dividiu a sua hist\u00f3ria, a sua vida tem feito diferen\u00e7a na vida de outros?<\/p>\n<p>A minha ora\u00e7\u00e3o \u00e9 que a sua vida, depois de Cristo, mude de tal maneira que quando as pessoas o conhecerem, tamb\u00e9m queiram conhecer a Cristo. Que Deus o aben\u00e7oe!<\/p>\n<p>&gt;&gt; Autor do Estudo: Luiz Alberto Diaz Arg\u00fcelo<\/p>\n<p>&gt;&gt; Publicado originalmente pela <a href=\"http:\/\/www.editoracristaevangelica.com.br\/\">Editora Crist\u00e3 Evang\u00e9lica<\/a>, usado com permiss\u00e3o.<\/p>\n","protected":false},"excerpt":{"rendered":"<p>A mensagem, as atitudes, os valores e a vida de Jesus foram t\u00e3o impac\u00adtantes, que dividiram a hist\u00f3ria da humanidade em duas \u00e9pocas: Antes de Cristo e depois de Cristo. Mas quem foi esse homem? O Evangelho de Marcos serve como ponto de partida para desvendar a pergunta: \u201cQuem era Jesus para as pessoas da Sua \u00e9poca?\u201d, e o Evangelho de Jo\u00e3o serve para descobrir: \u201cQuem disse Jesus que Ele era?\u201d.<\/p>\n","protected":false},"author":6,"featured_media":54,"comment_status":"open","ping_status":"open","sticky":false,"template":"","format":"standard","meta":{"ngg_post_thumbnail":0,"footnotes":""},"categories":[4783,6051,164],"tags":[],"class_list":["post-1222","post","type-post","status-publish","format-standard","has-post-thumbnail","hentry","category-espiritualidade","category-teologia","category-vida-crista"],"_links":{"self":[{"href":"https:\/\/ultimato.com.br\/sites\/estudos-biblicos\/wp-json\/wp\/v2\/posts\/1222","targetHints":{"allow":["GET"]}}],"collection":[{"href":"https:\/\/ultimato.com.br\/sites\/estudos-biblicos\/wp-json\/wp\/v2\/posts"}],"about":[{"href":"https:\/\/ultimato.com.br\/sites\/estudos-biblicos\/wp-json\/wp\/v2\/types\/post"}],"author":[{"embeddable":true,"href":"https:\/\/ultimato.com.br\/sites\/estudos-biblicos\/wp-json\/wp\/v2\/users\/6"}],"replies":[{"embeddable":true,"href":"https:\/\/ultimato.com.br\/sites\/estudos-biblicos\/wp-json\/wp\/v2\/comments?post=1222"}],"version-history":[{"count":3,"href":"https:\/\/ultimato.com.br\/sites\/estudos-biblicos\/wp-json\/wp\/v2\/posts\/1222\/revisions"}],"predecessor-version":[{"id":1225,"href":"https:\/\/ultimato.com.br\/sites\/estudos-biblicos\/wp-json\/wp\/v2\/posts\/1222\/revisions\/1225"}],"wp:featuredmedia":[{"embeddable":true,"href":"https:\/\/ultimato.com.br\/sites\/estudos-biblicos\/wp-json\/wp\/v2\/media\/54"}],"wp:attachment":[{"href":"https:\/\/ultimato.com.br\/sites\/estudos-biblicos\/wp-json\/wp\/v2\/media?parent=1222"}],"wp:term":[{"taxonomy":"category","embeddable":true,"href":"https:\/\/ultimato.com.br\/sites\/estudos-biblicos\/wp-json\/wp\/v2\/categories?post=1222"},{"taxonomy":"post_tag","embeddable":true,"href":"https:\/\/ultimato.com.br\/sites\/estudos-biblicos\/wp-json\/wp\/v2\/tags?post=1222"}],"curies":[{"name":"wp","href":"https:\/\/api.w.org\/{rel}","templated":true}]}}