{"id":1158,"date":"2016-02-15T08:53:57","date_gmt":"2016-02-15T11:53:57","guid":{"rendered":"http:\/\/ultimato.com.br\/sites\/estudos-biblicos\/?p=1158"},"modified":"2020-07-22T09:52:55","modified_gmt":"2020-07-22T12:52:55","slug":"ser-crianca-e-coisa-de-gente-grande","status":"publish","type":"post","link":"https:\/\/ultimato.com.br\/sites\/estudos-biblicos\/vida-crista\/ser-crianca-e-coisa-de-gente-grande\/","title":{"rendered":"Ser crian\u00e7a \u00e9 coisa de gente grande!"},"content":{"rendered":"<h2>Ser crian\u00e7a \u00e9 coisa de gente grande!<\/h2>\n<h5>S\u00c9RIE REVISTA ULTIMATO<br \/>\nArtigo: <a href=\"http:\/\/www.ultimato.com.br\/revista\/artigos\/358\/uma-conversa-memoravel\">Uma conversa memor\u00e1vel<\/a>,\u00a0Valdir Steuernagel<\/h5>\n<p>&nbsp;<\/p>\n<p><strong>Texto b\u00e1sico: <\/strong>Lucas 18. 15-27<\/p>\n<p><strong>Textos de apoio<\/strong><br \/>\n&#8211; Mateus 18. 1-5<br \/>\n&#8211; 1 Cor\u00edntios 14. 20<br \/>\n&#8211; Salmo 86. 5<br \/>\n&#8211; \u00caxodo 20. 12-16<br \/>\n&#8211; Mateus 6. 19-25<\/p>\n<p>&#8211; J\u00f3 42. 2<\/p>\n<h3><strong>Introdu\u00e7\u00e3o<\/strong><\/h3>\n<p>Dois encontros, com representantes de dois grupos sociais separados por um longo abismo, em qualquer sociedade humana: as crian\u00e7as, de um lado, e os \u201cde posi\u00e7\u00e3o\u201d ou \u201cimportantes\u201d, de outro. Em comum, o mesmo interlocutor: Jesus de Nazar\u00e9, o Deus encarnado&#8230;<\/p>\n<p>Para ler o estudo b\u00edblico na \u00edntegra, acesse a <a href=\"https:\/\/www.ultimato.com.br\/revista\/artigos\/360\/um-reino-sem-muros\">edi\u00e7\u00e3o 358 da revista Ultimato<\/a>.<\/p>\n","protected":false},"excerpt":{"rendered":"<p>S\u00c9RIE REVISTA ULTIMATO<\/p>\n<p>Na \u00e9poca de Jesus a \u201cposi\u00e7\u00e3o\u201d social ou \u201cstatus\u201d era determinada pelas suas posses ou desempenho. Hoje, como &#8220;classificamos&#8221; as pessoas?<\/p>\n<p>Jesus escolheu as crian\u00e7as como modelo dos s\u00faditos que procura para seu Reino. O que podemos aprender?<\/p>\n","protected":false},"author":6,"featured_media":46,"comment_status":"open","ping_status":"open","sticky":false,"template":"","format":"standard","meta":{"ngg_post_thumbnail":0,"footnotes":""},"categories":[4783,18697,164],"tags":[],"class_list":["post-1158","post","type-post","status-publish","format-standard","has-post-thumbnail","hentry","category-espiritualidade","category-serie-revista-ultimato","category-vida-crista"],"_links":{"self":[{"href":"https:\/\/ultimato.com.br\/sites\/estudos-biblicos\/wp-json\/wp\/v2\/posts\/1158","targetHints":{"allow":["GET"]}}],"collection":[{"href":"https:\/\/ultimato.com.br\/sites\/estudos-biblicos\/wp-json\/wp\/v2\/posts"}],"about":[{"href":"https:\/\/ultimato.com.br\/sites\/estudos-biblicos\/wp-json\/wp\/v2\/types\/post"}],"author":[{"embeddable":true,"href":"https:\/\/ultimato.com.br\/sites\/estudos-biblicos\/wp-json\/wp\/v2\/users\/6"}],"replies":[{"embeddable":true,"href":"https:\/\/ultimato.com.br\/sites\/estudos-biblicos\/wp-json\/wp\/v2\/comments?post=1158"}],"version-history":[{"count":7,"href":"https:\/\/ultimato.com.br\/sites\/estudos-biblicos\/wp-json\/wp\/v2\/posts\/1158\/revisions"}],"predecessor-version":[{"id":2931,"href":"https:\/\/ultimato.com.br\/sites\/estudos-biblicos\/wp-json\/wp\/v2\/posts\/1158\/revisions\/2931"}],"wp:featuredmedia":[{"embeddable":true,"href":"https:\/\/ultimato.com.br\/sites\/estudos-biblicos\/wp-json\/wp\/v2\/media\/46"}],"wp:attachment":[{"href":"https:\/\/ultimato.com.br\/sites\/estudos-biblicos\/wp-json\/wp\/v2\/media?parent=1158"}],"wp:term":[{"taxonomy":"category","embeddable":true,"href":"https:\/\/ultimato.com.br\/sites\/estudos-biblicos\/wp-json\/wp\/v2\/categories?post=1158"},{"taxonomy":"post_tag","embeddable":true,"href":"https:\/\/ultimato.com.br\/sites\/estudos-biblicos\/wp-json\/wp\/v2\/tags?post=1158"}],"curies":[{"name":"wp","href":"https:\/\/api.w.org\/{rel}","templated":true}]}}