{"id":1072,"date":"2023-03-01T01:25:42","date_gmt":"2023-03-01T04:25:42","guid":{"rendered":"http:\/\/ultimato.com.br\/sites\/estudos-biblicos\/?p=1072"},"modified":"2023-03-01T16:20:20","modified_gmt":"2023-03-01T19:20:20","slug":"esperanca-tres-viuvas-vida-amarga-tempo-de-colheita","status":"publish","type":"post","link":"https:\/\/ultimato.com.br\/sites\/estudos-biblicos\/igreja\/esperanca-tres-viuvas-vida-amarga-tempo-de-colheita\/","title":{"rendered":"Esperan\u00e7a: tr\u00eas vi\u00favas, vida amarga, tempo de colheita"},"content":{"rendered":"<h2><strong>Esperan\u00e7a: tr\u00eas vi\u00favas, vida amarga, tempo de colheita<\/strong><\/h2>\n<p>S\u00c9RIE\u00a0 | RUTE<em>\u00a0 |\u00a0\u00a0<\/em><strong>Estudo 3<\/strong><\/p>\n<p><strong>Texto b\u00e1sico<\/strong>: Rute 1.19-22<\/p>\n<p><strong>Textos de apoio<\/strong>: Deuteron\u00f4mio 10.12-22<br \/>\nAm\u00f3s 5.4-15<br \/>\nMateus 6.1-21<br \/>\nSalmos 126<br \/>\nIsa\u00edas 65.17-25<br \/>\nAm\u00f3s 9.11-15<br \/>\nJeremias 50.4-9<\/p>\n<h3><strong>Introdu\u00e7\u00e3o<\/strong><\/h3>\n<p>Essa unidade destaca dois fatos importantes. Primeiro, a impress\u00e3o dos moradores de Bel\u00e9m sobre Noemi e o testemunho dela sobre o que tinha acontecido com sua fam\u00edlia. Segundo, a declara\u00e7\u00e3o de que o Todo Poderoso tinha amargado a vida de Noemi.<\/p>\n<p>Como j\u00e1 observamos, nas narrativas b\u00edblicas, os nomes s\u00e3o muito importantes para indicar as circunst\u00e2ncias da vida das pessoas. Al\u00e9m disso, muitas vezes as experi\u00eancias de vida das pessoas eram t\u00e3o profundas que, em muitos casos, a transforma\u00e7\u00e3o de vida era tal que a pessoa mudava o seu nome a fim de refletir a nova realidade e servir de testemunho a respeito daquela transforma\u00e7\u00e3o. Isso aconteceu com Jac\u00f3, que passou a ser chamado Israel, Abr\u00e3o, que se tornou Abra\u00e3o, etc. Aqui Noemi pede para ser chamada de Mara, pois representa melhor a sua realidade. Seu nome Noemi n\u00e3o representava mais a vida que teve em Moabe. A mudan\u00e7a de nome de Noemi tamb\u00e9m representa o movimento da gra\u00e7a para a n\u00e3o gra\u00e7a ou desgra\u00e7a. O restante do relato vai nos dizer o que aconteceu com essa Mara, a mulher amarga.<\/p>\n<p>Mais uma vez encontramos a declara\u00e7\u00e3o de que o Todo-Poderoso, o Senhor estava por tr\u00e1s de tudo que estava acontecendo (v. 20, 21). Essa afirma\u00e7\u00e3o n\u00e3o retrata necessariamente uma revolta, mas prov\u00ea uma explica\u00e7\u00e3o e uma forma de supera\u00e7\u00e3o da dificuldade. Talvez retrate a amargura de Noemi\/Mara, mas tamb\u00e9m revela a cren\u00e7a fundamental na provid\u00eancia de Deus por todas as esta\u00e7\u00f5es da vida.<\/p>\n<h3><strong>Para entender o que a B\u00edblia fala<\/strong><\/h3>\n<ol>\n<li>Veja como Noemi descreve sua partida de Bel\u00e9m e seu retorno?<\/li>\n<li>Compare o v. 21 com o v. 1. Se havia fome na terra quando de l\u00e1 ela partiu, a que Noemi se refere quando diz \u201ccheia\u201d eu parti?<\/li>\n<li>Qual \u00e9 a explica\u00e7\u00e3o de Noemi para o seu sofrimento?<\/li>\n<li>As \u00faltimas palavras do v. 22 dizem que Noemi e Rute chegaram a Bel\u00e9m no tempo de colheita. Veja o contraste disso com o 1.1. Diante da sua situa\u00e7\u00e3o, o que a colheita representa \u00e0 Noemi?<\/li>\n<li>Qual \u00e9 o papel de Deus (Senhor \/ Todo Poderoso) na vida de Noemi?<\/li>\n<\/ol>\n<h3><strong>Hora de avan\u00e7ar<\/strong><\/h3>\n<p>H\u00e1 um paradoxo neste cap\u00edtulo como um todo quando comparamos o percurso da narrativa. O cap\u00edtulo come\u00e7a com a fome e termina com o tempo de colheita, um movimento de escassez para abund\u00e2ncia. Por outro lado, quanto \u00e0 Noemi, come\u00e7a em fartura e termina amarga, movimento de abund\u00e2ncia para escassez. Ainda que o alimento seja uma necessidade b\u00e1sica do ser humano, e a fome, por causa natural ou por m\u00e1 distribui\u00e7\u00e3o da renda, precise ser combatida, n\u00e3o \u00e9 ela o \u00fanico elemento de sentido existencial ao ser humano. Se Noemi diz que partiu em fatura em meio \u00e0 fome e volta vazia em meio \u00e0 colheita \u00e9 porque morte, solid\u00e3o, abandono e pobreza tamb\u00e9m afetam a autopercep\u00e7\u00e3o das pessoas sobre o sentido da vida.<\/p>\n<p>Al\u00e9m de ter clareza na percep\u00e7\u00e3o sobre si mesma, Noemi demonstra uma compreens\u00e3o sobre sua experi\u00eancia e os fatos da vida na perspectiva do Deus que realiza todas as coisas. Para Noemi, tudo que acontece vem da parte de Deus. A vida \u00e9 uma d\u00e1diva de Deus e a ele pertence.<\/p>\n<h3><strong>Para terminar<\/strong><\/h3>\n<ol>\n<li>Nessa \u00e9poca que vivemos explicamos os acontecimentos em termos de causas e efeitos naturais, humanos, econ\u00f4micos, pol\u00edticos etc. Qual \u00e9 o benef\u00edcio de olhar para os acontecimentos na perspectiva de Noemi de que o Senhor \u00e9 a causa absoluta de todos os acontecimentos?<\/li>\n<li>O que significa entender que Deus est\u00e1 em controle de todas as coisas? Essa maneira de ver as coisas nos leva ao conformismo, apatia e aliena\u00e7\u00e3o ou nos torna mais respons\u00e1veis, engajados e solid\u00e1rios?<\/li>\n<li>Quando Noemi e Rute chegam a Bel\u00e9m toda a popula\u00e7\u00e3o \u201cse alvoro\u00e7ou\u201d ou \u201cse comoveu\u201d (v. 19). Isso sugere que foram impactados pela situa\u00e7\u00e3o e provavelmente tamb\u00e9m se solidarizaram com elas. Qual \u00e9 a rea\u00e7\u00e3o das pessoas na igreja diante do sofrimento alheio? Como podemos nos solidarizar?<\/li>\n<\/ol>\n<p>&gt;&gt; Autor do Estudo: Willian Lane<\/p>\n<p>&gt;&gt;\u00a0 Publicado originalmente pela <a href=\"http:\/\/renas.org.br\/\">Rede Evang\u00e9lica Nacional de A\u00e7\u00e3o Social<\/a><\/p>\n","protected":false},"excerpt":{"rendered":"<p>S\u00c9RIE\u00a0 | RUTE\u00a0 |\u00a0\u00a0Estudo 3<br \/>\nMais uma vez encontramos a declara\u00e7\u00e3o de que o Senhor estava por tr\u00e1s de tudo que estava acontecendo. Essa afirma\u00e7\u00e3o prov\u00ea uma explica\u00e7\u00e3o e uma forma de supera\u00e7\u00e3o da dificuldade. Talvez retrate a amargura de Noemi\/Mara, mas tamb\u00e9m revela a cren\u00e7a fundamental na provid\u00eancia de Deus por todas as esta\u00e7\u00f5es da vida.<\/p>\n","protected":false},"author":6,"featured_media":51,"comment_status":"open","ping_status":"open","sticky":false,"template":"","format":"standard","meta":{"ngg_post_thumbnail":0,"footnotes":""},"categories":[8441,38,42458,164],"tags":[8441,38,42459,164],"class_list":["post-1072","post","type-post","status-publish","format-standard","has-post-thumbnail","hentry","category-familia","category-igreja","category-serie-rute-2","category-vida-crista","tag-familia","tag-igreja","tag-rute","tag-vida-crista"],"_links":{"self":[{"href":"https:\/\/ultimato.com.br\/sites\/estudos-biblicos\/wp-json\/wp\/v2\/posts\/1072","targetHints":{"allow":["GET"]}}],"collection":[{"href":"https:\/\/ultimato.com.br\/sites\/estudos-biblicos\/wp-json\/wp\/v2\/posts"}],"about":[{"href":"https:\/\/ultimato.com.br\/sites\/estudos-biblicos\/wp-json\/wp\/v2\/types\/post"}],"author":[{"embeddable":true,"href":"https:\/\/ultimato.com.br\/sites\/estudos-biblicos\/wp-json\/wp\/v2\/users\/6"}],"replies":[{"embeddable":true,"href":"https:\/\/ultimato.com.br\/sites\/estudos-biblicos\/wp-json\/wp\/v2\/comments?post=1072"}],"version-history":[{"count":3,"href":"https:\/\/ultimato.com.br\/sites\/estudos-biblicos\/wp-json\/wp\/v2\/posts\/1072\/revisions"}],"predecessor-version":[{"id":3856,"href":"https:\/\/ultimato.com.br\/sites\/estudos-biblicos\/wp-json\/wp\/v2\/posts\/1072\/revisions\/3856"}],"wp:featuredmedia":[{"embeddable":true,"href":"https:\/\/ultimato.com.br\/sites\/estudos-biblicos\/wp-json\/wp\/v2\/media\/51"}],"wp:attachment":[{"href":"https:\/\/ultimato.com.br\/sites\/estudos-biblicos\/wp-json\/wp\/v2\/media?parent=1072"}],"wp:term":[{"taxonomy":"category","embeddable":true,"href":"https:\/\/ultimato.com.br\/sites\/estudos-biblicos\/wp-json\/wp\/v2\/categories?post=1072"},{"taxonomy":"post_tag","embeddable":true,"href":"https:\/\/ultimato.com.br\/sites\/estudos-biblicos\/wp-json\/wp\/v2\/tags?post=1072"}],"curies":[{"name":"wp","href":"https:\/\/api.w.org\/{rel}","templated":true}]}}