{"id":988,"date":"2017-12-22T00:00:48","date_gmt":"2017-12-22T02:00:48","guid":{"rendered":"http:\/\/ultimato.com.br\/sites\/elbencesar\/?p=988"},"modified":"2022-12-30T08:43:19","modified_gmt":"2022-12-30T11:43:19","slug":"era-uma-vez-um-deus-conosco","status":"publish","type":"post","link":"https:\/\/ultimato.com.br\/sites\/elbencesar\/2017\/12\/22\/era-uma-vez-um-deus-conosco\/","title":{"rendered":"Era uma vez um \u201cDeus conosco\u201d"},"content":{"rendered":"<blockquote><p>\u201cA virgem ficar\u00e1 gr\u00e1vida e ter\u00e1 um filho que receber\u00e1 o nome de Emanuel. (Emanuel quer dizer \u2018Deus est\u00e1 conosco\u2019)\u201d (Mt 1.23)<\/p><\/blockquote>\n<p><img loading=\"lazy\" decoding=\"async\" class=\"alignright wp-image-999\" title=\"Foto: Christopher Sardegna | Unsplash.com\" src=\"http:\/\/ultimato.com.br\/sites\/elbencesar\/files\/blog_EC_22_12_17_Deus_conosco.jpg\" alt=\"\" width=\"175\" height=\"200\" \/>O Evangelho que mais cita as profecias do Antigo Testamento relativas \u00e0 pessoa de Jesus faz quest\u00e3o de mencionar o profeta Isa\u00edas quando ele diz que \u201ca virgem ficar\u00e1 gr\u00e1vida e ter\u00e1 um filho que receber\u00e1 o nome de Emanuel\u201d (Is 7.14; Mt 1.23). Al\u00e9m disso, Mateus explica por conta pr\u00f3pria que Emanuel quer dizer \u201cDeus conosco\u201d ou \u201cDeus est\u00e1 conosco\u201d.<\/p>\n<p>Curiosamente esse nome pr\u00f3prio s\u00f3 aparece tr\u00eas vezes nas Escrituras. A mensagem nele contida \u00e9 extraordin\u00e1ria. O Deus absolutamente santo, em Cristo, se aproxima do ser humano, absolutamente pecador. O c\u00e9u se abaixa e a terra se levanta. Em Cristo, os dois se encontram e permanecem no mesmo plano. O abismo desmedido acaba.<\/p>\n<p>Pois Jesus \u00e9 o Emanuel, o Deus conosco, que veio l\u00e1 de cima, tornou-se carne (virou gente) e viveu entre n\u00f3s (Jo 1.14a). Comeu conosco. Caminhou, sofreu, sentiu fome, subiu a montanha, atravessou o mar, orou, cantou, falou, chorou e foi ao templo conosco. A jun\u00e7\u00e3o \u00e9 perfeita. Ele \u00e9 a Videira e n\u00f3s somos os galhos (Jo 15.5a). Onde n\u00f3s estamos, ele est\u00e1; para onde ele foi n\u00f3s tamb\u00e9m vamos. Somos um s\u00f3 corpo com ele! (1Co 12.27).<\/p>\n<pre>Trecho retirado de\u00a0<a href=\"http:\/\/www.ultimato.com.br\/loja\/produtos\/era-uma-vez-um-natal-sem-papai-noel-ebook\">Era uma Vez um Natal sem Papai Noel<\/a>, dispon\u00edvel para download gratuito.<\/pre>\n","protected":false},"excerpt":{"rendered":"<p>\u201cA virgem ficar\u00e1 gr\u00e1vida e ter\u00e1 um filho que receber\u00e1 o nome de Emanuel. (Emanuel quer dizer \u2018Deus est\u00e1 conosco\u2019)\u201d (Mt 1.23) O Evangelho que mais cita as profecias do Antigo Testamento relativas \u00e0 pessoa de Jesus faz quest\u00e3o de mencionar o profeta Isa\u00edas quando ele diz que \u201ca virgem ficar\u00e1 gr\u00e1vida e ter\u00e1 um [&hellip;]<\/p>\n","protected":false},"author":24,"featured_media":0,"comment_status":"open","ping_status":"open","sticky":false,"template":"","format":"standard","meta":{"ngg_post_thumbnail":0,"footnotes":""},"categories":[116],"tags":[6401,36959,36956,103,82,34808],"class_list":["post-988","post","type-post","status-publish","format-standard","hentry","category-blog","tag-cristo","tag-deus-conosco","tag-emanuel","tag-jesus","tag-natal","tag-videira"],"_links":{"self":[{"href":"https:\/\/ultimato.com.br\/sites\/elbencesar\/wp-json\/wp\/v2\/posts\/988","targetHints":{"allow":["GET"]}}],"collection":[{"href":"https:\/\/ultimato.com.br\/sites\/elbencesar\/wp-json\/wp\/v2\/posts"}],"about":[{"href":"https:\/\/ultimato.com.br\/sites\/elbencesar\/wp-json\/wp\/v2\/types\/post"}],"author":[{"embeddable":true,"href":"https:\/\/ultimato.com.br\/sites\/elbencesar\/wp-json\/wp\/v2\/users\/24"}],"replies":[{"embeddable":true,"href":"https:\/\/ultimato.com.br\/sites\/elbencesar\/wp-json\/wp\/v2\/comments?post=988"}],"version-history":[{"count":4,"href":"https:\/\/ultimato.com.br\/sites\/elbencesar\/wp-json\/wp\/v2\/posts\/988\/revisions"}],"predecessor-version":[{"id":1000,"href":"https:\/\/ultimato.com.br\/sites\/elbencesar\/wp-json\/wp\/v2\/posts\/988\/revisions\/1000"}],"wp:attachment":[{"href":"https:\/\/ultimato.com.br\/sites\/elbencesar\/wp-json\/wp\/v2\/media?parent=988"}],"wp:term":[{"taxonomy":"category","embeddable":true,"href":"https:\/\/ultimato.com.br\/sites\/elbencesar\/wp-json\/wp\/v2\/categories?post=988"},{"taxonomy":"post_tag","embeddable":true,"href":"https:\/\/ultimato.com.br\/sites\/elbencesar\/wp-json\/wp\/v2\/tags?post=988"}],"curies":[{"name":"wp","href":"https:\/\/api.w.org\/{rel}","templated":true}]}}