{"id":806,"date":"2017-10-07T06:00:35","date_gmt":"2017-10-07T09:00:35","guid":{"rendered":"http:\/\/ultimato.com.br\/sites\/elbencesar\/?p=806"},"modified":"2017-10-09T08:51:22","modified_gmt":"2017-10-09T11:51:22","slug":"elben-cesar-1930-2016","status":"publish","type":"post","link":"https:\/\/ultimato.com.br\/sites\/elbencesar\/2017\/10\/07\/elben-cesar-1930-2016\/","title":{"rendered":"Personalia: Elben C\u00e9sar (1930 \u2013 2016)"},"content":{"rendered":"<blockquote><p>O pastor Elben Magalh\u00e3es Lenz C\u00e9sar morreu na madrugada do dia 6 de outubro de 2016, no Hospital Madre Tereza, em Belo Horizonte, MG, aos 86 anos. Ele foi v\u00edtima de uma parada card\u00edaca, resultado das complica\u00e7\u00f5es cl\u00ednicas enfrentadas ao longo de 29 dias de interna\u00e7\u00e3o, ap\u00f3s uma queda em casa. Casado com Djanira Momesso C\u00e9sar, era pai de cinco filhas, av\u00f4 de dez netos e bisav\u00f4 de quatro bisnetos.<\/p><\/blockquote>\n<p><img loading=\"lazy\" decoding=\"async\" class=\"alignright wp-image-814 size-full\" title=\"Cr\u00e9dito: Reyner Ara\u00fajo\" src=\"http:\/\/ultimato.com.br\/sites\/elbencesar\/files\/blog_EC_7_10_2017_Elben_Deja_Casamento_Lilian_Pedro-miniatura.jpg\" alt=\"\" width=\"286\" height=\"190\" \/>Elben C\u00e9sar n\u00e3o antecipou seu obitu\u00e1rio, e fazer sua \u201cPersonalia\u201d \u2013 se\u00e7\u00e3o que ele escreveu por algumas d\u00e9cadas \u2013 \u00e9 um desafio. Ele nasceu em Campos dos Goytacases, RJ, em 1930, filho e neto de pastores, e o primeiro de quatro irm\u00e3os tamb\u00e9m pastores e duas irm\u00e3s mission\u00e1rias. Estudou no antigo Semin\u00e1rio da Pedra, no Rio de Janeiro, e foi ordenado no mesmo ano em que se casou, 1957.<\/p>\n<p>Sua primeira incurs\u00e3o pelo jornalismo aconteceu em 1960, em S\u00e3o Paulo, a\u00a0convite do jornal\u00a0oficial da Igreja Presbiteriana do Brasil \u2013 <em>Brasil Presbiteriano<\/em> \u2013 quando, depois de um longo trabalho de pesquisa, escreveu sobre a hist\u00f3ria dos\u00a0jornais e revistas evang\u00e9licos da \u00e9poca, quase todos nascidos no s\u00e9culo 19. Ali nasceu a\u00a0ideia da cria\u00e7\u00e3o de um jornal n\u00e3o apenas para a comunidade evang\u00e9lica, mas tamb\u00e9m para n\u00e3o crist\u00e3os, ou seja, um peri\u00f3dico n\u00e3o denominacional. Depois de alguns anos orando e muitas idas e vindas de cartas para amigos e personalidades da igreja brasileira da \u00e9poca, veio a lume a primeira edi\u00e7\u00e3o do ent\u00e3o jornal <strong>Ultimato<\/strong>, em janeiro de 1968, em Barbacena, MG.<\/p>\n<p><!--more-->Al\u00e9m do per\u00edodo em S\u00e3o Paulo, trabalhando com planta\u00e7\u00e3o de igrejas, o pastor Elben serviu como mission\u00e1rio na Zona da Mata de Minas Gerais, Campinas, SP, e Porto Alegre, RS, entre 1955 e 1970, e com ele carregava o seu jornal, que se tornaria revista em 1975.<\/p>\n<p>De volta a Minas Gerais, exerceu por longos anos o pastorado da Igreja Presbiteriana de Vi\u00e7osa, da qual era pastor em\u00e9rito. Fundador do Centro Evang\u00e9lico de Miss\u00f5es (1983) e da organiza\u00e7\u00e3o n\u00e3o governamental Rebusca \u2013 A\u00e7\u00e3o Social Evang\u00e9lica Vi\u00e7osense (1981) \u2013, foi tamb\u00e9m vice-presidente da TWMA, sigla em ingl\u00eas para Associa\u00e7\u00e3o de Miss\u00f5es para o Terceiro Mundo, na d\u00e9cada de 1990. Era conhecido como professor de \u201cpr\u00e1ticas devocionais\u201d, n\u00e3o apenas por seus alunos ou ovelhas, mas tamb\u00e9m por sua insistente \u00eanfase \u2013 escrita ou verbal \u2013 nas disciplinas espirituais.<\/p>\n<p>Acompanhou de perto, nos \u00faltimos cinquenta anos, os ventos de mudan\u00e7a na igreja protestante e tamb\u00e9m na igreja cat\u00f3lica em v\u00e1rias partes do mundo. Em janeiro de 2017, a <a href=\"http:\/\/www.ultimato.com.br\/revista\/\" target=\"_blank\" rel=\"noopener\">revista Ultimato<\/a> completa 49 anos de publica\u00e7\u00e3o ininterrupta, com 363 edi\u00e7\u00f5es. Elben C\u00e9sar esteve presente e publicou mat\u00e9rias sobre os mais diferentes encontros nacionais e internacionais, foi companheiro de funda\u00e7\u00e3o ou de caminhada de v\u00e1rias organiza\u00e7\u00f5es paraeclesi\u00e1sticas que, h\u00e1 n\u00e3o muito tempo, eram pouco recomendadas nas igrejas evang\u00e9licas.<\/p>\n<p>Raramente assinou algum artigo da revista \u2013 apenas em casos de declara\u00e7\u00f5es especiais ou ainda com o pseud\u00f4nimo de Mineiro com Cara de Matuto \u2013, embora tenha mantido sob sua responsabilidade pouco mais de um ter\u00e7o do conte\u00fado publicado.<\/p>\n<p>Publicou mais de vinte livros, sendo o primeiro <a href=\"http:\/\/www.ultimato.com.br\/loja\/produtos\/deixem-que-elas-mesmas-falem\" target=\"_blank\" rel=\"noopener\">Deixem que Elas Mesmas Falem<\/a>, em 1993. Sua veia de pesquisador e gosto por hist\u00f3ria o levaram a escrever tamb\u00e9m algumas biografias e livros a partir dessa tem\u00e1tica, como <a href=\"http:\/\/www.ultimato.com.br\/loja\/produtos\/historia-da-evangelizacao-do-brasil\" target=\"_blank\" rel=\"noopener\">Hist\u00f3ria da Evangeliza\u00e7\u00e3o do Brasil<\/a> e uma biografia de <a href=\"http:\/\/www.ultimato.com.br\/loja\/produtos\/conversas-com-lutero\" target=\"_blank\" rel=\"noopener\">Lutero<\/a> e outra de <a href=\"http:\/\/www.ultimato.com.br\/loja\/produtos\/sou-eu-calvino\" target=\"_blank\" rel=\"noopener\">Calvino<\/a>, entre outras. Uma boa parte dos seus livros s\u00e3o devocionais \u2013 por exemplo, <a href=\"http:\/\/www.ultimato.com.br\/loja\/produtos\/praticas-devocionais-edicao-ampliada\" target=\"_blank\" rel=\"noopener\">Pr\u00e1ticas Devocionais<\/a>, o mais lido, e os devocion\u00e1rios da s\u00e9rie <a href=\"http:\/\/www.ultimato.com.br\/loja\/catalogo\/nome\/refeicoes+diarias\" target=\"_blank\" rel=\"noopener\">Refei\u00e7\u00f5es Di\u00e1rias<\/a>.<\/p>\n<p>Mantinha um di\u00e1logo aberto e respeitoso com l\u00edderes da Igreja Cat\u00f3lica e com padres casados, sem abrir m\u00e3o das doutrinas evang\u00e9licas. Era tamb\u00e9m um ardoroso promotor da unidade.<\/p>\n<p>Elben nunca usou computador. Para os familiares, seu maior salto \u201ctecnol\u00f3gico\u201d foi substituir o l\u00e1pis pela lapiseira.<\/p>\n<p><strong>\u2022 Marcos Bontempo<\/strong><\/p>\n","protected":false},"excerpt":{"rendered":"<p>O pastor Elben Magalh\u00e3es Lenz C\u00e9sar morreu na madrugada do dia 6 de outubro de 2016, no Hospital Madre Tereza, em Belo Horizonte, MG, aos 86 anos. Ele foi v\u00edtima de uma parada card\u00edaca, resultado das complica\u00e7\u00f5es cl\u00ednicas enfrentadas ao longo de 29 dias de interna\u00e7\u00e3o, ap\u00f3s uma queda em casa. Casado com Djanira Momesso [&hellip;]<\/p>\n","protected":false},"author":24,"featured_media":0,"comment_status":"open","ping_status":"open","sticky":false,"template":"","format":"standard","meta":{"ngg_post_thumbnail":0,"footnotes":""},"categories":[116],"tags":[17730,5477,8441,5609,38,14850,87,36901,154],"class_list":["post-806","post","type-post","status-publish","format-standard","hentry","category-blog","tag-biografia","tag-elben","tag-familia","tag-historia","tag-igreja","tag-legado","tag-ministerio","tag-personalia","tag-ultimato"],"_links":{"self":[{"href":"https:\/\/ultimato.com.br\/sites\/elbencesar\/wp-json\/wp\/v2\/posts\/806","targetHints":{"allow":["GET"]}}],"collection":[{"href":"https:\/\/ultimato.com.br\/sites\/elbencesar\/wp-json\/wp\/v2\/posts"}],"about":[{"href":"https:\/\/ultimato.com.br\/sites\/elbencesar\/wp-json\/wp\/v2\/types\/post"}],"author":[{"embeddable":true,"href":"https:\/\/ultimato.com.br\/sites\/elbencesar\/wp-json\/wp\/v2\/users\/24"}],"replies":[{"embeddable":true,"href":"https:\/\/ultimato.com.br\/sites\/elbencesar\/wp-json\/wp\/v2\/comments?post=806"}],"version-history":[{"count":8,"href":"https:\/\/ultimato.com.br\/sites\/elbencesar\/wp-json\/wp\/v2\/posts\/806\/revisions"}],"predecessor-version":[{"id":819,"href":"https:\/\/ultimato.com.br\/sites\/elbencesar\/wp-json\/wp\/v2\/posts\/806\/revisions\/819"}],"wp:attachment":[{"href":"https:\/\/ultimato.com.br\/sites\/elbencesar\/wp-json\/wp\/v2\/media?parent=806"}],"wp:term":[{"taxonomy":"category","embeddable":true,"href":"https:\/\/ultimato.com.br\/sites\/elbencesar\/wp-json\/wp\/v2\/categories?post=806"},{"taxonomy":"post_tag","embeddable":true,"href":"https:\/\/ultimato.com.br\/sites\/elbencesar\/wp-json\/wp\/v2\/tags?post=806"}],"curies":[{"name":"wp","href":"https:\/\/api.w.org\/{rel}","templated":true}]}}