{"id":771,"date":"2017-09-22T07:00:18","date_gmt":"2017-09-22T10:00:18","guid":{"rendered":"http:\/\/ultimato.com.br\/sites\/elbencesar\/?p=771"},"modified":"2022-12-02T13:25:54","modified_gmt":"2022-12-02T16:25:54","slug":"aprendi-que-acao-de-gracas-e-uma-coisa-adoracao-e-outra-2","status":"publish","type":"post","link":"https:\/\/ultimato.com.br\/sites\/elbencesar\/2017\/09\/22\/aprendi-que-acao-de-gracas-e-uma-coisa-adoracao-e-outra-2\/","title":{"rendered":"Aprendi que a\u00e7\u00e3o de gra\u00e7as \u00e9 uma coisa, adora\u00e7\u00e3o \u00e9 outra"},"content":{"rendered":"<blockquote><p>Embora tenha ensinado a minhas ovelhas e a meus alunos do Centro Evang\u00e9lico de Miss\u00f5es que h\u00e1 v\u00e1rias modalidades de ora\u00e7\u00e3o, tenho muita dificuldade em fazer ora\u00e7\u00f5es de adora\u00e7\u00e3o. As outras ora\u00e7\u00f5es, de agradecimento, de confiss\u00e3o de pecados e pecaminosidade, de entrega de tudo ao Senhor, de desabafos e lamenta\u00e7\u00f5es, de s\u00faplicas e de intercess\u00e3o &#8212; fa\u00e7o com frequ\u00eancia e naturalidade. Tenho esfor\u00e7ado-me para aprender a louvar. Chego a pedir a Deus que me ensine a tributar-lhe louvores. Eu me desculpava, alegando que a ora\u00e7\u00e3o de agradecimento \u00e9 quase igual \u00e0 ora\u00e7\u00e3o de adora\u00e7\u00e3o. Hoje enxergo que uma n\u00e3o dispensa a outra. Nas ora\u00e7\u00f5es de a\u00e7\u00e3o de gra\u00e7as, eu digo obrigado por tudo o que ele \u00e9 e por tudo o que ele faz. Nas ora\u00e7\u00f5es de louvor, eu deveria \u201celogiar\u201d a Deus por tudo o que ele \u00e9 e por tudo o que ele faz.<\/p><\/blockquote>\n<p><img loading=\"lazy\" decoding=\"async\" class=\"wp-image-2596 size-medium alignright\" src=\"http:\/\/ultimato.com.br\/sites\/elbencesar\/files\/2017\/09\/D1Dy9xYXQAADf9G-300x182.jpg\" alt=\"\" width=\"300\" height=\"182\" srcset=\"https:\/\/ultimato.com.br\/sites\/elbencesar\/files\/2017\/09\/D1Dy9xYXQAADf9G-300x182.jpg 300w, https:\/\/ultimato.com.br\/sites\/elbencesar\/files\/2017\/09\/D1Dy9xYXQAADf9G-1024x622.jpg 1024w, https:\/\/ultimato.com.br\/sites\/elbencesar\/files\/2017\/09\/D1Dy9xYXQAADf9G-768x467.jpg 768w, https:\/\/ultimato.com.br\/sites\/elbencesar\/files\/2017\/09\/D1Dy9xYXQAADf9G-732x447.jpg 732w, https:\/\/ultimato.com.br\/sites\/elbencesar\/files\/2017\/09\/D1Dy9xYXQAADf9G-1140x693.jpg 1140w, https:\/\/ultimato.com.br\/sites\/elbencesar\/files\/2017\/09\/D1Dy9xYXQAADf9G.jpg 1200w\" sizes=\"auto, (max-width: 300px) 100vw, 300px\" \/>Em meus per\u00edodos de ref\u00fagio para escrever e para buscar a Deus mais intensamente, sozinho ou com minha esposa, numa praia do Esp\u00edrito Santo, tenho feito algum progresso. A imensid\u00e3o do mar, a imensid\u00e3o do c\u00e9u e a quantidade incont\u00e1vel de gr\u00e3os de areia nas praias abriram para mim as portas da ora\u00e7\u00e3o que adora.<\/p>\n<p>Em dezembro de 2011, depois de ter louvado o Criador calma e silenciosamente enquanto caminhava pela praia, tentei colocar numa folha de papel os elogios que eu havia feito a Deus, desprovido de qualquer fingimento. Da\u00ed saiu o texto a seguir, que enviei para a minha fam\u00edlia:<\/p>\n<p>\u201c\u00d3 Deus, eu te louvo pela beleza e ordem da cria\u00e7\u00e3o. Pela extens\u00e3o do mundo que tu criaste. Pela quantidade de gal\u00e1xias. Pelo incont\u00e1vel n\u00famero de estrelas que comp\u00f5e cada gal\u00e1xia. Pelos outros corpos celestes que vagam no espa\u00e7o cada um no seu lugar e diferente um do outro na forma, no tamanho e no destino.<\/p>\n<p><!--more-->Eu te louvo pelo nascer do sol, aquela bola de fogo que parece sair do mar. Porque ele vai brilhando mais e mais at\u00e9 ser dia perfeito. Porque ele expulsa as trevas e o frio. Porque ele vai e volta. Eu te louvo pela pontualidade do sol na marca\u00e7\u00e3o da hora, do tempo e das esta\u00e7\u00f5es. Eu te louvo pelo p\u00f4r do sol, quando ele se despede de um hemisf\u00e9rio e vai para o outro. Por aquele amarelo do sol, t\u00e3o forte como o do ip\u00ea amarelo. Eu te louvo pela rotina do sol, com a qual eu n\u00e3o me enfado.<\/p>\n<p>Eu te louvo pela lua, porque ela se presta a iluminar a terra na aus\u00eancia do sol. Porque posso observar o crescimento da lua como se fosse o crescimento de uma crian\u00e7a: a lua nova (a inf\u00e2ncia), o quarto crescente (a adolesc\u00eancia) e a lua cheia (a idade adulta). E o movimento contr\u00e1rio, no m\u00eas seguinte: a lua cheia (o auge da vida), o quarto minguante (o envelhecimento) e a lua nova (a morte). Eu te louvo pelo luar na praia, no sert\u00e3o e nas montanhas. Eu te louvo pelos poemas e pelas cartas de amor escritas sob o luar.<\/p>\n<p>Eu te louvo pela primavera depois do inverno e pelo outono depois do ver\u00e3o e pelos intervalos entre uma esta\u00e7\u00e3o e outra. Eu te louvo pelo frio e pelo calor e por aquele clima temperado entre os dois.<\/p>\n<p>Eu te louvo pela beleza, pela cor, pelo perfume, pelo formato, pelo tamanho (min\u00fasculo e gigante), pela variedade, pela quantidade e pela excentricidade das flores &#8212; elas nascem na terra, na rocha, nas fendas, na \u00e1gua, nas \u00e1rvores, no deserto, no p\u00e2ntano, no jardim, no fundo do quintal, nos telhados, nas paredes, nos bueiros, nas estufas, na lama, no lodo, no monte de lixo, nas praias e nos vasos que fabricamos.<\/p>\n<p>Eu te louvo pelas nascentes d\u2019\u00e1gua, pelos filetes d\u2019\u00e1gua, pelos c\u00f3rregos, pelos rios, pelos afluentes, pela \u00e1gua despejada em outro rio, no lago e no mar. Pela \u00e1gua que est\u00e1 sob a superf\u00edcie da terra, pela \u00e1gua das geleiras, pela \u00e1gua em seus estados l\u00edquido, s\u00f3lido e gasoso. Eu te louvo pela neblina, pela chuva e pelos temporais. Eu te louvo por aquele rel\u00e2mpago que acende e apaga em apenas alguns segundos, pelo estrondo do trov\u00e3o, pelas tempestades e pelo incr\u00edvel arco-\u00edris.<\/p>\n<p>Eu te louvo pelas lavouras de trigo, caf\u00e9, feij\u00e3o, arroz, cana-de-a\u00e7\u00facar e soja. Eu te louvo pelo canteiro de verdura, pelos jardins, pelos pomares, pela mata, pelas florestas. Pelas \u00e1rvores pequenas e pelas gigantes. Eu te louvo pela lenha, pela madeira, pelo carv\u00e3o.<\/p>\n<p>Eu te louvo especialmente porque foste tu que idealizaste tudo isso, que criaste tudo isso, que governas tudo isso e que sustentas tudo isso! O nome do Senhor seja louvado para sempre!\u201d<\/p>\n<p>No mesmo lugar, mas em uma ocasi\u00e3o posterior, fiz uma ora\u00e7\u00e3o de louvor centrada em Jesus Cristo:<\/p>\n<p>\u201cEu te louvo, \u00f3 Deus, pela promessa do Servo Sofredor, pela concep\u00e7\u00e3o sobrenatural de Jesus, pelo Verbo que se fez carne, pela chegada do Deus Conosco.<\/p>\n<p>Eu te louvo, \u00f3 Deus, tanto pela humanidade como pela divindade de Jesus, por sua simplicidade, por suas palavras, por suas curas, por suas interfer\u00eancias aben\u00e7oadoras, pelas ressurrei\u00e7\u00f5es da filha de Jairo, do filho da vi\u00fava de Naim e do irm\u00e3o de Maria e Marta.<\/p>\n<p>Eu te louvo, \u00f3 Deus, porque ele foi tentado em todas as coisas \u00e0 nossa semelhan\u00e7a com a diferen\u00e7a de ter resistido a cada tenta\u00e7\u00e3o. Eu te louvo porque ele n\u00e3o transformou pedras em p\u00e3es, n\u00e3o pulou do pin\u00e1culo \u00e0 cal\u00e7ada do templo, n\u00e3o dobrou os joelhos diante daquele que far\u00e1 isso em rela\u00e7\u00e3o a ele, n\u00e3o constrangeu o Pai a tirar de sua m\u00e3o o c\u00e1lice da morte e n\u00e3o desceu espetacularmente da cruz.<\/p>\n<p>Eu te louvo, \u00f3 Deus, porque o sacrif\u00edcio de Jesus na cruz foi salv\u00edfico, porque, ali e naquela sexta-feira, ele perdoou todos os nossos pecados e anulou definitivamente a d\u00edvida que t\u00ednhamos contigo, pregando-a na cruz. Eu te adoro porque houve um tremendo sinal no c\u00e9u, do meio-dia at\u00e9 as 3 horas da tarde, quando ele inclinou a cabe\u00e7a e morreu. Eu te louvo, porque aquela cortina que separava o absolutamente santo do absolutamente profano rompeu-se de alto a baixo no momento exato quando Jesus entregou o seu esp\u00edrito em tuas m\u00e3os.<\/p>\n<p>Eu te louvo, \u00f3 Deus, porque aquelas mulheres da Galileia tiveram de levar de volta para casa os perfumes e \u00f3leos que passariam no corpo de Jesus. Eu te louvo porque o t\u00famulo estava vazio e porque, naquele primeiro dia da semana e de salva\u00e7\u00e3o consumada, Jesus apareceu aos disc\u00edpulos em diferentes hor\u00e1rios e lugares. Eu te louvo por sua ascens\u00e3o aos c\u00e9us com as m\u00e3os aben\u00e7oadoras levantadas.<\/p>\n<p>Eu te louvo, \u00f3 Deus, porque Jesus n\u00e3o demorou mais de quarenta dias para cumprir a promessa de que n\u00e3o nos deixaria \u00f3rf\u00e3os, mas enviaria outro Paracleto.<\/p>\n<p>Eu te louvo pelo barulho do vento, por aquilo que parecia l\u00ednguas de fogo e que pousava sobre a cabe\u00e7a de cada uma das 120 pessoas presentes, inclusive Maria Madalena e os irm\u00e3os e irm\u00e3s do pr\u00f3prio Senhor, recentemente convertidos.<\/p>\n<p>Eu te louvo, \u00f3 Deus, porque aquele que nasceu numa estrebaria, que n\u00e3o tinha onde reclinar a cabe\u00e7a nem duas dracmas para pagar o imposto do templo, desde ent\u00e3o, est\u00e1 assentado \u00e0 tua direita e colocando progressivamente debaixo de seus p\u00e9s todos os poderes hostis \u00e0 tua gl\u00f3ria e \u00e0 gl\u00f3ria de teu povo, inclusive \u2013 e por \u00faltimo \u2013 a morte, o mais humilhante de todos.<\/p>\n<p>Eu te louvo, \u00f3 Deus, por tua volta em poder e muita gl\u00f3ria, pela ressurrei\u00e7\u00e3o dos mortos e s\u00fabita transforma\u00e7\u00e3o dos vivos, pela bem-sucedida separa\u00e7\u00e3o do trigo e do joio, pelo louvor universal, pelo ju\u00edzo final, pelos novos c\u00e9us e nova terra, pela plenitude da salva\u00e7\u00e3o.\u201d<\/p>\n<p>Parece que eu vou indo bem na adora\u00e7\u00e3o. Estou quase pronto para fazer a mesma cita\u00e7\u00e3o do salmista: \u201cQue todo o meu ser te louve, \u00f3 Senhor! A vida inteira eu louvarei o meu Deus, cantarei louvores a ele enquanto eu viver\u201d (Sl 146.1-2).<\/p>\n<p>S\u00f3 fa\u00e7o um pequeno acr\u00e9scimo: \u201cN\u00e3o somente enquanto eu viver, mas tamb\u00e9m depois de minha morte, quando a no\u00e7\u00e3o de tempo acabar\u201d.<\/p>\n<pre>Texto originalmente publicado na edi\u00e7\u00e3o <a href=\"http:\/\/www.ultimato.com.br\/revista\/345\" target=\"_blank\" rel=\"noopener noreferrer\">345<\/a> de <strong>Ultimato<\/strong>.<\/pre>\n","protected":false},"excerpt":{"rendered":"<p>Embora tenha ensinado a minhas ovelhas e a meus alunos do Centro Evang\u00e9lico de Miss\u00f5es que h\u00e1 v\u00e1rias modalidades de ora\u00e7\u00e3o, tenho muita dificuldade em fazer ora\u00e7\u00f5es de adora\u00e7\u00e3o. As outras ora\u00e7\u00f5es, de agradecimento, de confiss\u00e3o de pecados e pecaminosidade, de entrega de tudo ao Senhor, de desabafos e lamenta\u00e7\u00f5es, de s\u00faplicas e de intercess\u00e3o [&hellip;]<\/p>\n","protected":false},"author":24,"featured_media":0,"comment_status":"open","ping_status":"open","sticky":false,"template":"","format":"standard","meta":{"ngg_post_thumbnail":0,"footnotes":""},"categories":[116],"tags":[5169,5176,5708,124],"class_list":["post-771","post","type-post","status-publish","format-standard","hentry","category-blog","tag-acao-de-gracas","tag-adoracao","tag-louvor","tag-oracao"],"_links":{"self":[{"href":"https:\/\/ultimato.com.br\/sites\/elbencesar\/wp-json\/wp\/v2\/posts\/771","targetHints":{"allow":["GET"]}}],"collection":[{"href":"https:\/\/ultimato.com.br\/sites\/elbencesar\/wp-json\/wp\/v2\/posts"}],"about":[{"href":"https:\/\/ultimato.com.br\/sites\/elbencesar\/wp-json\/wp\/v2\/types\/post"}],"author":[{"embeddable":true,"href":"https:\/\/ultimato.com.br\/sites\/elbencesar\/wp-json\/wp\/v2\/users\/24"}],"replies":[{"embeddable":true,"href":"https:\/\/ultimato.com.br\/sites\/elbencesar\/wp-json\/wp\/v2\/comments?post=771"}],"version-history":[{"count":7,"href":"https:\/\/ultimato.com.br\/sites\/elbencesar\/wp-json\/wp\/v2\/posts\/771\/revisions"}],"predecessor-version":[{"id":774,"href":"https:\/\/ultimato.com.br\/sites\/elbencesar\/wp-json\/wp\/v2\/posts\/771\/revisions\/774"}],"wp:attachment":[{"href":"https:\/\/ultimato.com.br\/sites\/elbencesar\/wp-json\/wp\/v2\/media?parent=771"}],"wp:term":[{"taxonomy":"category","embeddable":true,"href":"https:\/\/ultimato.com.br\/sites\/elbencesar\/wp-json\/wp\/v2\/categories?post=771"},{"taxonomy":"post_tag","embeddable":true,"href":"https:\/\/ultimato.com.br\/sites\/elbencesar\/wp-json\/wp\/v2\/tags?post=771"}],"curies":[{"name":"wp","href":"https:\/\/api.w.org\/{rel}","templated":true}]}}