{"id":719,"date":"2017-08-25T09:00:03","date_gmt":"2017-08-25T12:00:03","guid":{"rendered":"http:\/\/ultimato.com.br\/sites\/elbencesar\/?p=719"},"modified":"2017-08-24T14:32:28","modified_gmt":"2017-08-24T17:32:28","slug":"a-vitoria-da-graca","status":"publish","type":"post","link":"https:\/\/ultimato.com.br\/sites\/elbencesar\/2017\/08\/25\/a-vitoria-da-graca\/","title":{"rendered":"A vit\u00f3ria da gra\u00e7a"},"content":{"rendered":"<blockquote><p>A mat\u00e9ria de capa da edi\u00e7\u00e3o de janeiro\/fevereiro de 2000 de <strong>Ultimato<\/strong> falou sobre \u201ca vit\u00f3ria da gra\u00e7a\u201d. Entre outros textos, o que reproduzimos a seguir fala de acontecimentos reais, envolvendo Lutero, que a respeito da gra\u00e7a disse: \u201cChamo de gra\u00e7a aquela grande ab\u00f3bada debaixo da qual coloco toda a imund\u00edcia que os escribas e fariseus hip\u00f3critas escondiam dentro dos sepulcros caiados ou que deixavam dentro do copo. Chamo de gra\u00e7a aquela enorme calota para debaixo da qual transfiro todos os meus pecados, toda a minha mis\u00e9ria moral, todo o meu sentimento de culpa, todas as minhas imundas \u201cjusti\u00e7as\u201d, todo o meu desespero, todo o meu pavor do inferno e eu por inteiro. Ali me protejo do justo ju\u00edzo de Deus, totalmente calado, sem apresentar uma justificativa sequer (porque n\u00e3o a tenho), sem alegar alguma poss\u00edvel boa obra (por ser in\u00fatil) e sem dividir com qualquer outro pecador minha culpa pessoal. Fa\u00e7o isso pela f\u00e9 na pessoa e no sofrimento vic\u00e1rio de Jesus Cristo, atra\u00eddo que sou pelo amor de Deus\u201d (<a href=\"http:\/\/www.ultimato.com.br\/loja\/produtos\/conversas-com-lutero\" target=\"_blank\" rel=\"noopener\"><em>Conversas com Lutero<\/em><\/a>, p. 138).<\/p><\/blockquote>\n<h4><strong>O sequestro de 1521<em>\u00a0<\/em><\/strong><\/h4>\n<p><em>O sequestro mais curioso da hist\u00f3ria aconteceu no dia 3 de maio de 1521, precisamente h\u00e1 496 anos. A seguir, um relato completo deste emocionante epis\u00f3dio do s\u00e9culo XVI por meio de uma s\u00e9rie de notici\u00e1rios. Fa\u00e7a de conta que voc\u00ea mora na velha Europa e est\u00e1 acompanhando a not\u00edcia pela televis\u00e3o.<br \/>\n<\/em><br \/>\n<!--more--><strong>Notici\u00e1rio de 18 de abril de 1521<\/strong><strong><br \/>\n<\/strong>O monge agostiniano de 38 anos, Martinho Lutero, ordenado em 1507, acusado de heresia, reafirma sua posi\u00e7\u00e3o religiosa perante o mais poderoso imperador de seus dias, Carlos V, e uma plateia de seis eleitores, 28 duques, 11 pr\u00edncipes, 30 bispos e 5 mil espectadores. Isto aconteceu hoje \u00e0 tarde em Worms, na Alemanha, entre Frankfurt e a fronteira com a Fran\u00e7a. Como resultado, a vida do conhecido, aplaudido e tem\u00edvel professor da Universidade de Wittenberg est\u00e1 em s\u00e9rio perigo.<\/p>\n<div id=\"attachment_733\" style=\"width: 200px\" class=\"wp-caption alignright\"><img loading=\"lazy\" decoding=\"async\" aria-describedby=\"caption-attachment-733\" class=\"wp-image-733\" src=\"http:\/\/ultimato.com.br\/sites\/elbencesar\/files\/Foto-pag30-1-232x300.jpg\" alt=\"\" width=\"190\" height=\"246\" srcset=\"https:\/\/ultimato.com.br\/sites\/elbencesar\/files\/Foto-pag30-1-232x300.jpg 232w, https:\/\/ultimato.com.br\/sites\/elbencesar\/files\/Foto-pag30-1-768x994.jpg 768w, https:\/\/ultimato.com.br\/sites\/elbencesar\/files\/Foto-pag30-1-791x1024.jpg 791w, https:\/\/ultimato.com.br\/sites\/elbencesar\/files\/Foto-pag30-1-732x947.jpg 732w, https:\/\/ultimato.com.br\/sites\/elbencesar\/files\/Foto-pag30-1-1140x1475.jpg 1140w, https:\/\/ultimato.com.br\/sites\/elbencesar\/files\/Foto-pag30-1.jpg 1417w\" sizes=\"auto, (max-width: 190px) 100vw, 190px\" \/><p id=\"caption-attachment-733\" class=\"wp-caption-text\">Cavaleiros encapuzados sequestram o professor da Universidade de Wittenberg<\/p><\/div>\n<p><strong>Notici\u00e1rio de 4 de maio de 1521<\/strong><br \/>\nOntem, ao sul da Alemanha, perto de Eisenach, terra natal de Bach, quando atravessava a Floresta da Tur\u00edngia, a carruagem em que viajava Martinho Lutero foi interceptada por cinco cavaleiros encapuzados e fortemente armados. O monge, que foi arrancado do carro e levado para lugar desconhecido, voltava da Dieta de Worms, do outro lado da Alemanha e estava a caminho de Wittenberg, via Erfurt, Weimar e Leipzig. Seus companheiros de viagem \u2013 um professor, um frade e um estudante \u2013 informaram que Lutero tinha consigo um salvo-conduto de regresso fornecido pelo pr\u00f3prio imperador, mas nada souberam explicar sobre o sequestro. Estavam cientes do perigo de vida que o amigo corria desde que come\u00e7ou a levantar sua voz contra o com\u00e9rcio das indulg\u00eancias, h\u00e1 quase quatro anos. Naturalmente sua pris\u00e3o e morte eram esperadas para qualquer hora, mas n\u00e3o enquanto durasse o salvo-conduto.<\/p>\n<p><strong>Notici\u00e1rio de 15 de junho de 1521<\/strong><br \/>\nFaz hoje um ano que Lutero foi excomungado pelo Papa Le\u00e3o X e 42 dias que desapareceu misteriosamente. O not\u00e1vel pintor Alberto D\u00fcrer, de 50 anos, tem perguntado com frequ\u00eancia: \u201cSe Lutero \u00e9 morto, quem no futuro nos pregar\u00e1 o Evangelho?\u201d Ele est\u00e1 tentando envolver Erasmo de Roterdam, ex-professor de teologia em Cambridge, de 55 anos, atualmente residindo em Basileia, na fronteira com a Su\u00ed\u00e7a, na lideran\u00e7a do movimento reformista, na aus\u00eancia de Lutero. Mas o autor do best-seller <em>O Elogio da Loucura<\/em>, de 1511, embora simp\u00e1tico aos reformadores, prefere n\u00e3o se comprometer totalmente com eles. O representante papal na Dieta de Worms, Jer\u00f4nimo Aleandro, de 41 anos, tido como o poss\u00edvel autor do atentado, nega a responsabilidade, mas declara que \u201cficaria muito grato a Deus se Lutero estivesse morto\u201d. O mist\u00e9rio do sequestro permanece.<\/p>\n<div id=\"attachment_736\" style=\"width: 200px\" class=\"wp-caption alignright\"><img loading=\"lazy\" decoding=\"async\" aria-describedby=\"caption-attachment-736\" class=\"wp-image-736\" src=\"http:\/\/ultimato.com.br\/sites\/elbencesar\/files\/Foto-pag31-296x300.jpg\" alt=\"\" width=\"190\" height=\"192\" srcset=\"https:\/\/ultimato.com.br\/sites\/elbencesar\/files\/Foto-pag31-296x300.jpg 296w, https:\/\/ultimato.com.br\/sites\/elbencesar\/files\/Foto-pag31-768x777.jpg 768w, https:\/\/ultimato.com.br\/sites\/elbencesar\/files\/Foto-pag31-1012x1024.jpg 1012w, https:\/\/ultimato.com.br\/sites\/elbencesar\/files\/Foto-pag31-732x741.jpg 732w, https:\/\/ultimato.com.br\/sites\/elbencesar\/files\/Foto-pag31-1140x1154.jpg 1140w, https:\/\/ultimato.com.br\/sites\/elbencesar\/files\/Foto-pag31.jpg 1342w\" sizes=\"auto, (max-width: 190px) 100vw, 190px\" \/><p id=\"caption-attachment-736\" class=\"wp-caption-text\">A sala de Wartburg onde Lutero escreveu v\u00e1rios tratados e traduziu o Novo Testamento<\/p><\/div>\n<p><strong> Notici\u00e1rio de 31 de outubro de 1521<\/strong><br \/>\nLutero est\u00e1 fazendo falta em Wittenberg. Os acontecimentos ali est\u00e3o tomando outro rumo. A lideran\u00e7a da Reforma acha-se nas m\u00e3os de Andr\u00e9 Bodenstein von Karlstadt, o mais velho de todos os antigos companheiros de Lutero (48 anos), homem impulsivo, radical e ousado demais, autor das 380 teses sobre a supremacia das Escrituras e a falibilidade dos conc\u00edlios eclesi\u00e1sticos, publicadas em 1518 para refor\u00e7ar as teses contra a venda de indulg\u00eancias afixadas numa das igrejas de Wittenberg, exatamente h\u00e1 quatro anos. Os outros l\u00edderes s\u00e3o, por ordem de idade, Nicolau von Amsdorf (38 anos), Jo\u00e3o Bugenhagen (36), Justo Jonas (28) e Filipe Melanchton (24). A situa\u00e7\u00e3o \u00e9 cr\u00edtica. A Reforma corre o risco de se transformar em revolu\u00e7\u00e3o e a ordem, em desordem. N\u00e3o se tem nenhuma not\u00edcia precisa de Lutero. Mas j\u00e1 se desconfia de que ele est\u00e1 vivo, pois \u00e9 poss\u00edvel encontrar e ler v\u00e1rios tratados de sua lavra, escritos em algum lugar secreto e publicados por George Spalatino, de 39 anos, um de seus maiores amigos.<\/p>\n<p><strong>Notici\u00e1rio de 26 de dezembro de 1521<\/strong><br \/>\nNa celebra\u00e7\u00e3o natalina de ontem em Wittenberg, Karlstadt n\u00e3o usou as vestes sacerdotais e distribuiu a comunh\u00e3o nas duas esp\u00e9cies, como se fazia na igreja primitiva. Lutero ainda n\u00e3o foi localizado. Talvez alguns de seus amigos saibam onde ele se encontra, mas nada revelam. As cartas que Lutero lhes escreve s\u00e3o datadas de lugares fantasiosos: do \u201cdeserto\u201d, da \u201cregi\u00e3o dos p\u00e1ssaros\u201d, do \u201car\u201d ou da \u201cilha de Patmos\u201d. Por toda a Alemanha circula seu livro Kirchenpostille, uma cole\u00e7\u00e3o de serm\u00f5es para os domingos e dias de festa, escrito para a edifica\u00e7\u00e3o dos fi\u00e9is, depois de seu sequestro.<\/p>\n<div id=\"attachment_738\" style=\"width: 200px\" class=\"wp-caption alignright\"><img loading=\"lazy\" decoding=\"async\" aria-describedby=\"caption-attachment-738\" class=\"wp-image-738\" src=\"http:\/\/ultimato.com.br\/sites\/elbencesar\/files\/Foto-pag32-300x264.jpg\" alt=\"\" width=\"190\" height=\"167\" srcset=\"https:\/\/ultimato.com.br\/sites\/elbencesar\/files\/Foto-pag32-300x264.jpg 300w, https:\/\/ultimato.com.br\/sites\/elbencesar\/files\/Foto-pag32-768x675.jpg 768w, https:\/\/ultimato.com.br\/sites\/elbencesar\/files\/Foto-pag32-1024x901.jpg 1024w, https:\/\/ultimato.com.br\/sites\/elbencesar\/files\/Foto-pag32-732x644.jpg 732w, https:\/\/ultimato.com.br\/sites\/elbencesar\/files\/Foto-pag32-1140x1003.jpg 1140w, https:\/\/ultimato.com.br\/sites\/elbencesar\/files\/Foto-pag32.jpg 1410w\" sizes=\"auto, (max-width: 190px) 100vw, 190px\" \/><p id=\"caption-attachment-738\" class=\"wp-caption-text\">Escritos em lugar secreto, os folhetos de Lutero eram lidos com avidez pelo povo<\/p><\/div>\n<p><strong>Notici\u00e1rio de 26 de fevereiro de 1522<\/strong><br \/>\nCom a morte de Le\u00e3o X em 1\u00ba de dezembro do ano passado, o holand\u00eas Adriano Floriszoonn acaba de ser eleito papa, com o nome de Adriano VI. Certos exageros est\u00e3o prejudicando a reforma de Lutero. Al\u00e9m de cenas de ostensivo quebra-quebra de imagens, Wittenberg est\u00e1 recebendo a influ\u00eancia dos profetas de Zwickau \u2014 Nicolau Storch, Tom\u00e1s Drechsel e Marcos Stubner \u2014, ao sul da Alemanha, pr\u00f3xima \u00e0 fronteira com a Tchecoslov\u00e1quia. Eles pregam contra a organiza\u00e7\u00e3o eclesi\u00e1stica, acreditam que Deus se revela tamb\u00e9m por vis\u00f5es e sonhos, e profetizam acerca do fim do mundo. Os sacerdotes est\u00e3o abandonando o celibato e contraindo n\u00fapcias. Karlstadt casou-se no m\u00eas passado e Justo Jonas, agora em fevereiro.<\/p>\n<p><strong>Notici\u00e1rio de 7 de mar\u00e7o de 1522<\/strong><br \/>\nOntem Wittenberg foi tomada de grande surpresa e emo\u00e7\u00e3o. O cavalheiro que entrou na cidade com um salt\u00e9rio hebraico entre as m\u00e3os foi logo identificado: n\u00e3o era outro sen\u00e3o o pr\u00f3prio Lutero. A cidade inteira ficou sabendo que o sequestro fora obra do fundador da Universidade de Wittenberg, Frederico III, o S\u00e1bio, eleitor da Sax\u00f4nia, atualmente com 59 anos. Protetor de Lutero desde 1511, Frederico providenciou o rapto de 3 de maio do ano passado para evitar que o reformador fosse morto. Lutero, com o nome de Cavalheiro Jorge, sem o h\u00e1bito de monge, com barbas e cabelos crescidos, e uma espada \u00e0 cintura, para n\u00e3o ser reconhecido, ficou hospedado no Castelo de Wartburg, perto de Eisenach, constru\u00eddo por volta do ano de 1070. Sem poder se expor, p\u00f4s-se a escrever diversos tratados. Seu maior trabalho, por\u00e9m, foi a tradu\u00e7\u00e3o do Novo Testamento para o alem\u00e3o, baseando-se n\u00e3o no texto latino da Vulgata, mas no texto grego editado por Erasmo em 1519. Apesar de usar papel e tinta inferiores, de n\u00e3o dispor de secret\u00e1ria, de ser obrigado a escolher um dos quase 200 dialetos da l\u00edngua alem\u00e3, Lutero gastou apenas tr\u00eas meses nessa tradu\u00e7\u00e3o. Os originais ser\u00e3o entregues ao editor Belchior Lotter, de Wittenberg, com a encomenda inicial de 5 mil exemplares. O pintor Lucas Cranach j\u00e1 se ofereceu para preparar as ilustra\u00e7\u00f5es.<\/p>\n<p><strong>Notici\u00e1rio de 15 de mar\u00e7o de 1522<\/strong><br \/>\nLutero encerrou ontem, em Wittenberg, uma s\u00e9rie de prega\u00e7\u00f5es de oito dias. Pregou com rara felicidade. Mostrou que o Evangelho consiste no reconhecimento do pecado, no perd\u00e3o por meio de Cristo e no amor ao pr\u00f3ximo. O povo reconheceu sua autoridade e submeteu-se a sua lideran\u00e7a. Os profetas de Zwickau bateram em retirada. Desta maneira Lutero op\u00f4s-se n\u00e3o s\u00f3 aos romanistas, como sempre fez, mas tamb\u00e9m aos revolucion\u00e1rios, que andavam por demais r\u00e1pidos. Embora por for\u00e7a do decreto de proscri\u00e7\u00e3o, assinado por Carlos V em maio do ano passado, qualquer pessoa do imp\u00e9rio possa prender Martinho Lutero e entreg\u00e1-lo \u00e0s autoridades, ningu\u00e9m o tem molestado. A ordem de pris\u00e3o n\u00e3o tem sido cumprida por quem quer que seja. Nem h\u00e1 o menor ind\u00edcio de que ser\u00e1 executada. O valoroso reformador alem\u00e3o gosta de dizer que \u201cDeus \u00e9 o nosso ref\u00fagio e fortaleza, socorro bem presente nas tribula\u00e7\u00f5es\u201d (Sl 46.1). Ele tem toda raz\u00e3o!<\/p>\n<pre>Texto originalmente publicado na edi\u00e7\u00e3o <a href=\"http:\/\/www.ultimato.com.br\/revista\/262\" target=\"_blank\" rel=\"noopener\">262<\/a> de <strong>Ultimato<\/strong>.<\/pre>\n","protected":false},"excerpt":{"rendered":"<p>A mat\u00e9ria de capa da edi\u00e7\u00e3o de janeiro\/fevereiro de 2000 de Ultimato falou sobre \u201ca vit\u00f3ria da gra\u00e7a\u201d. Entre outros textos, o que reproduzimos a seguir fala de acontecimentos reais, envolvendo Lutero, que a respeito da gra\u00e7a disse: \u201cChamo de gra\u00e7a aquela grande ab\u00f3bada debaixo da qual coloco toda a imund\u00edcia que os escribas e [&hellip;]<\/p>\n","protected":false},"author":24,"featured_media":0,"comment_status":"open","ping_status":"open","sticky":false,"template":"","format":"standard","meta":{"ngg_post_thumbnail":0,"footnotes":""},"categories":[116,32191],"tags":[7614,5609,5712,5799,5935,5999],"class_list":["post-719","post","type-post","status-publish","format-standard","hentry","category-blog","category-calendario-historico","tag-graca","tag-historia","tag-lutero","tag-noticia","tag-reforma","tag-sequestro"],"_links":{"self":[{"href":"https:\/\/ultimato.com.br\/sites\/elbencesar\/wp-json\/wp\/v2\/posts\/719","targetHints":{"allow":["GET"]}}],"collection":[{"href":"https:\/\/ultimato.com.br\/sites\/elbencesar\/wp-json\/wp\/v2\/posts"}],"about":[{"href":"https:\/\/ultimato.com.br\/sites\/elbencesar\/wp-json\/wp\/v2\/types\/post"}],"author":[{"embeddable":true,"href":"https:\/\/ultimato.com.br\/sites\/elbencesar\/wp-json\/wp\/v2\/users\/24"}],"replies":[{"embeddable":true,"href":"https:\/\/ultimato.com.br\/sites\/elbencesar\/wp-json\/wp\/v2\/comments?post=719"}],"version-history":[{"count":23,"href":"https:\/\/ultimato.com.br\/sites\/elbencesar\/wp-json\/wp\/v2\/posts\/719\/revisions"}],"predecessor-version":[{"id":741,"href":"https:\/\/ultimato.com.br\/sites\/elbencesar\/wp-json\/wp\/v2\/posts\/719\/revisions\/741"}],"wp:attachment":[{"href":"https:\/\/ultimato.com.br\/sites\/elbencesar\/wp-json\/wp\/v2\/media?parent=719"}],"wp:term":[{"taxonomy":"category","embeddable":true,"href":"https:\/\/ultimato.com.br\/sites\/elbencesar\/wp-json\/wp\/v2\/categories?post=719"},{"taxonomy":"post_tag","embeddable":true,"href":"https:\/\/ultimato.com.br\/sites\/elbencesar\/wp-json\/wp\/v2\/tags?post=719"}],"curies":[{"name":"wp","href":"https:\/\/api.w.org\/{rel}","templated":true}]}}