{"id":658,"date":"2017-07-21T08:03:46","date_gmt":"2017-07-21T11:03:46","guid":{"rendered":"http:\/\/ultimato.com.br\/sites\/elbencesar\/?p=658"},"modified":"2020-09-25T11:29:09","modified_gmt":"2020-09-25T14:29:09","slug":"o-bom-pastor-ora-pelo-seu-rebanho","status":"publish","type":"post","link":"https:\/\/ultimato.com.br\/sites\/elbencesar\/2017\/07\/21\/o-bom-pastor-ora-pelo-seu-rebanho\/","title":{"rendered":"O bom pastor ora pelo seu rebanho"},"content":{"rendered":"<p><img loading=\"lazy\" decoding=\"async\" class=\"alignright wp-image-660 size-medium\" title=\"Maira Marques Fonseca\" src=\"http:\/\/ultimato.com.br\/sites\/elbencesar\/files\/2017\/07\/blog_EC_Bom_pastor_21_7_2017-300x152.jpg\" alt=\"\" width=\"300\" height=\"152\" srcset=\"https:\/\/ultimato.com.br\/sites\/elbencesar\/files\/2017\/07\/blog_EC_Bom_pastor_21_7_2017-300x152.jpg 300w, https:\/\/ultimato.com.br\/sites\/elbencesar\/files\/2017\/07\/blog_EC_Bom_pastor_21_7_2017.jpg 314w\" sizes=\"auto, (max-width: 300px) 100vw, 300px\" \/>\u00d3 Deus, al\u00e9m do meu chamado para o minist\u00e9rio, do meu preparo e da minha ordena\u00e7\u00e3o, quero e preciso orar pelas ovelhas que me deste.<\/p>\n<p>Eleva o n\u00edvel espiritual delas. Faze-as ler a B\u00edblia com prazer e proveito, faze-as orar, amar como tu as amas, perdoar como tu as perdoas;<\/p>\n<p>provoca um despertamento na igreja onde sou pastor, santifica o teu povo, entusiasma-o, ajunta-o;<\/p>\n<p>d\u00e1 aos meus congregados a capacidade de chorar com os que choram e de se alegrar com os que se alegram. Livra-os da insensibilidade, do isolamento, do egocentrismo;<\/p>\n<p>concede ao teu povo maturidade, conhecimento b\u00edblico, vit\u00f3ria sobre a prova\u00e7\u00e3o e a tenta\u00e7\u00e3o e capacidade de renunciar a qualquer coisa que se interponha entre ti e ele;<\/p>\n<p><!--more-->gera no meu rebanho paix\u00e3o pelas almas, voca\u00e7\u00f5es, intercess\u00f5es e ofertas mission\u00e1rias;<\/p>\n<p>traze de volta o irm\u00e3o Dion\u00edsio, que se afastou da tua grei, restaura o casamento de Josefina e Tancredo, consolida o de Zil\u00e1 e Alberto, levanta da cama o irm\u00e3o Guilherme, prolonga a vida do irm\u00e3o Arimateia, que est\u00e1 entre a vida e a morte, acaba com o atrito que h\u00e1 entre Trifena e Trifosa;<\/p>\n<p>liberta Marcos da bebida, Joaninha das drogas e o di\u00e1cono Sebasti\u00e3o da pornografia;<\/p>\n<p>tem miseric\u00f3rdia de Alencar, que caiu em pecado e cometeu um esc\u00e2ndalo. Que ele n\u00e3o se desculpe, nem reparta sua culpa com outros, mas que se arrependa de seu pecado. Que tu o perdoes e o conven\u00e7as do perd\u00e3o mesmo antes de ele se sentir perdoado. Que ele tenha paci\u00eancia para suportar as consequ\u00eancias naturais do pecado;<\/p>\n<p>tem piedade de nossas crian\u00e7as, de nossos adolescentes e de nossos jovens, ajudando-os a vencer as tenta\u00e7\u00f5es da carne e da sociedade permissiva;<\/p>\n<p>ajuda-me a caminhar com os idosos at\u00e9 que eles passem pelo vale da sombra da morte;<img loading=\"lazy\" decoding=\"async\" class=\"size-full wp-image-664 alignright\" src=\"http:\/\/ultimato.com.br\/sites\/elbencesar\/files\/2017\/07\/selo_igrejaviva.jpg\" alt=\"\" width=\"160\" height=\"88\"><\/p>\n<p>para o bem das minhas ovelhas, permite-me tratar as mulheres casadas como m\u00e3es e as mo\u00e7as como irm\u00e3s!<\/p>\n<pre>Texto originalmente publicado na edi\u00e7\u00e3o <a href=\"http:\/\/www.ultimato.com.br\/revista\/336\">336 <\/a>de <strong>Ultimato<\/strong>.<\/pre>\n","protected":false},"excerpt":{"rendered":"<p>\u00d3 Deus, al\u00e9m do meu chamado para o minist\u00e9rio, do meu preparo e da minha ordena\u00e7\u00e3o, quero e preciso orar pelas ovelhas que me deste. Eleva o n\u00edvel espiritual delas. Faze-as ler a B\u00edblia com prazer e proveito, faze-as orar, amar como tu as amas, perdoar como tu as perdoas; provoca um despertamento na igreja [&hellip;]<\/p>\n","protected":false},"author":24,"featured_media":0,"comment_status":"open","ping_status":"open","sticky":false,"template":"","format":"standard","meta":{"ngg_post_thumbnail":0,"footnotes":""},"categories":[116],"tags":[38,124,33461],"class_list":["post-658","post","type-post","status-publish","format-standard","hentry","category-blog","tag-igreja","tag-oracao","tag-pastoreio"],"_links":{"self":[{"href":"https:\/\/ultimato.com.br\/sites\/elbencesar\/wp-json\/wp\/v2\/posts\/658","targetHints":{"allow":["GET"]}}],"collection":[{"href":"https:\/\/ultimato.com.br\/sites\/elbencesar\/wp-json\/wp\/v2\/posts"}],"about":[{"href":"https:\/\/ultimato.com.br\/sites\/elbencesar\/wp-json\/wp\/v2\/types\/post"}],"author":[{"embeddable":true,"href":"https:\/\/ultimato.com.br\/sites\/elbencesar\/wp-json\/wp\/v2\/users\/24"}],"replies":[{"embeddable":true,"href":"https:\/\/ultimato.com.br\/sites\/elbencesar\/wp-json\/wp\/v2\/comments?post=658"}],"version-history":[{"count":7,"href":"https:\/\/ultimato.com.br\/sites\/elbencesar\/wp-json\/wp\/v2\/posts\/658\/revisions"}],"predecessor-version":[{"id":2565,"href":"https:\/\/ultimato.com.br\/sites\/elbencesar\/wp-json\/wp\/v2\/posts\/658\/revisions\/2565"}],"wp:attachment":[{"href":"https:\/\/ultimato.com.br\/sites\/elbencesar\/wp-json\/wp\/v2\/media?parent=658"}],"wp:term":[{"taxonomy":"category","embeddable":true,"href":"https:\/\/ultimato.com.br\/sites\/elbencesar\/wp-json\/wp\/v2\/categories?post=658"},{"taxonomy":"post_tag","embeddable":true,"href":"https:\/\/ultimato.com.br\/sites\/elbencesar\/wp-json\/wp\/v2\/tags?post=658"}],"curies":[{"name":"wp","href":"https:\/\/api.w.org\/{rel}","templated":true}]}}