{"id":503,"date":"2017-05-02T05:39:00","date_gmt":"2017-05-02T08:39:00","guid":{"rendered":"http:\/\/ultimato.com.br\/sites\/elbencesar\/?p=503"},"modified":"2017-04-27T08:52:45","modified_gmt":"2017-04-27T11:52:45","slug":"laco-de-coco","status":"publish","type":"post","link":"https:\/\/ultimato.com.br\/sites\/elbencesar\/2017\/05\/02\/laco-de-coco\/","title":{"rendered":"La\u00e7o de coco"},"content":{"rendered":"<blockquote><p>Papai e mam\u00e3e tiveram dificuldades tremendas. Mas eles venceram porque eram crentes, porque tinham um Salvador, porque eram o templo do Esp\u00edrito, porque podiam contar com a gra\u00e7a de Deus.<\/p><\/blockquote>\n<p>Meus pais Elvira e Benjamim C\u00e9sar tinham algumas desaven\u00e7as, n\u00e3o t\u00e3o raras como era de se esperar. Isto deixou algumas marcas em n\u00f3s. Eu, por exemplo, tenho verdadeiro horror ao atrito verbal. Prefiro perder algum direito ou alguma conquista, se eles dependerem de discuss\u00e3o n\u00e3o amistosa.<br \/>\n<img loading=\"lazy\" decoding=\"async\" class=\"alignright wp-image-504 size-full\" title=\"Pixabay\" src=\"http:\/\/ultimato.com.br\/sites\/elbencesar\/files\/2017\/04\/blog_EC_2_5_2017_coco.jpg\" alt=\"\" width=\"251\" height=\"151\" \/><br \/>\nLembro-me de uma briga muito feia entre papai e mam\u00e3e, quando \u00e9ramos apenas eu e meus irm\u00e3os J\u00fania e Kl\u00e9os. A disc\u00f3rdia foi t\u00e3o grande que papai pegou a mala e se dirigiu para a esta\u00e7\u00e3o ferrovi\u00e1ria. Parece-me que ele pretendia tomar o trem para o Rio.<br \/>\nFicamos horrorizados, olhando um para o outro, em sil\u00eancio total. Mam\u00e3e tamb\u00e9m n\u00e3o esperava um acontecimento deste porte. Aparentemente, era a desintegra\u00e7\u00e3o do lar, o que ningu\u00e9m queria, o que ningu\u00e9m suportaria. Na verdade, n\u00f3s os am\u00e1vamos muito e t\u00ednhamos um sentimento de fam\u00edlia talvez at\u00e9 exagerado.<\/p>\n<p><!--more--><br \/>\nN\u00e3o sei quanto tempo passou. O fato \u00e9 que papai n\u00e3o tomou o trem e voltou para casa com aquela mala e tudo. Este tudo era apenas um pequeno embrulho, que ele abriu logo na entrada. L\u00e1 estavam cinco la\u00e7os de coco \u2013 aquele doce de coco em forma de p\u00e9talas: um para Kl\u00e9os, um para mim, um para J\u00fania, um para mam\u00e3e e outro para papai!<br \/>\nSe o p\u00e3o simboliza o corpo de Jesus e o vinho o seu precioso sangue, o la\u00e7o de coco, para mim, significa a vit\u00f3ria do amor sobre o \u00f3dio, do bom senso sobre a a\u00e7\u00e3o intempestiva, do Esp\u00edrito sobre a carne. Se a contenda entre papai e mam\u00e3e nos trouxe algum desconforto, algum desagrad\u00e1vel intervalo na comunh\u00e3o familiar ou algum exemplo negativo \u2013 cenas como a do la\u00e7o de coco nos edificaram e nos ensinaram muito.<\/p>\n<p>Por ser o mais velho dos homens e, por esta raz\u00e3o, o filho que mais conviveu com papai, a influ\u00eancia dele sobre mim \u00e9 muito sens\u00edvel. Ele me ensinou coisas pequenas e coisas grandes. At\u00e9 hoje n\u00e3o consigo cruzar as pernas quando estou pr\u00f3ximo ao p\u00falpito; at\u00e9 hoje n\u00e3o consigo deixar de remover da cal\u00e7ada uma casca de banana; at\u00e9 hoje n\u00e3o consigo deixar de dar a minha direita a uma senhora ou a uma pessoa idosa quando na rua \u2013 s\u00e3o coisas que papai me ensinou. A vida inteira me vejo preocupado com a evangeliza\u00e7\u00e3o porque papai era assim.<\/p>\n<p>Papai e mam\u00e3e tiveram dificuldades tremendas. N\u00e3o me refiro \u00e0s dificuldades materiais. Refiro-me \u00e0s dificuldades impostas pelo temperamento e pela pecaminosidade latente de cada um. Mas eles venceram porque eram crentes, porque tinham um Salvador, porque eram o templo do Esp\u00edrito, porque podiam contar com a gra\u00e7a de Deus.<\/p>\n<pre>Texto originalmente publicado na se\u00e7\u00e3o \"<a href=\"http:\/\/www.ultimato.com.br\/conteudo\/laco-de-coco\">Opini\u00e3o<\/a>\", do portal Ultimato.<\/pre>\n","protected":false},"excerpt":{"rendered":"<p>Papai e mam\u00e3e tiveram dificuldades tremendas. Mas eles venceram porque eram crentes, porque tinham um Salvador, porque eram o templo do Esp\u00edrito, porque podiam contar com a gra\u00e7a de Deus. Meus pais Elvira e Benjamim C\u00e9sar tinham algumas desaven\u00e7as, n\u00e3o t\u00e3o raras como era de se esperar. Isto deixou algumas marcas em n\u00f3s. Eu, por [&hellip;]<\/p>\n","protected":false},"author":24,"featured_media":0,"comment_status":"open","ping_status":"open","sticky":false,"template":"","format":"standard","meta":{"ngg_post_thumbnail":0,"footnotes":""},"categories":[116],"tags":[],"class_list":["post-503","post","type-post","status-publish","format-standard","hentry","category-blog"],"_links":{"self":[{"href":"https:\/\/ultimato.com.br\/sites\/elbencesar\/wp-json\/wp\/v2\/posts\/503","targetHints":{"allow":["GET"]}}],"collection":[{"href":"https:\/\/ultimato.com.br\/sites\/elbencesar\/wp-json\/wp\/v2\/posts"}],"about":[{"href":"https:\/\/ultimato.com.br\/sites\/elbencesar\/wp-json\/wp\/v2\/types\/post"}],"author":[{"embeddable":true,"href":"https:\/\/ultimato.com.br\/sites\/elbencesar\/wp-json\/wp\/v2\/users\/24"}],"replies":[{"embeddable":true,"href":"https:\/\/ultimato.com.br\/sites\/elbencesar\/wp-json\/wp\/v2\/comments?post=503"}],"version-history":[{"count":2,"href":"https:\/\/ultimato.com.br\/sites\/elbencesar\/wp-json\/wp\/v2\/posts\/503\/revisions"}],"predecessor-version":[{"id":506,"href":"https:\/\/ultimato.com.br\/sites\/elbencesar\/wp-json\/wp\/v2\/posts\/503\/revisions\/506"}],"wp:attachment":[{"href":"https:\/\/ultimato.com.br\/sites\/elbencesar\/wp-json\/wp\/v2\/media?parent=503"}],"wp:term":[{"taxonomy":"category","embeddable":true,"href":"https:\/\/ultimato.com.br\/sites\/elbencesar\/wp-json\/wp\/v2\/categories?post=503"},{"taxonomy":"post_tag","embeddable":true,"href":"https:\/\/ultimato.com.br\/sites\/elbencesar\/wp-json\/wp\/v2\/tags?post=503"}],"curies":[{"name":"wp","href":"https:\/\/api.w.org\/{rel}","templated":true}]}}