{"id":3201,"date":"2025-09-24T09:47:09","date_gmt":"2025-09-24T12:47:09","guid":{"rendered":"https:\/\/ultimato.com.br\/sites\/elbencesar\/?p=3201"},"modified":"2025-09-24T09:47:09","modified_gmt":"2025-09-24T12:47:09","slug":"somente-por-causa-do-amor-de-deus","status":"publish","type":"post","link":"https:\/\/ultimato.com.br\/sites\/elbencesar\/2025\/09\/24\/somente-por-causa-do-amor-de-deus\/","title":{"rendered":"Somente por causa do amor de Deus"},"content":{"rendered":"<blockquote><p><em>Coisas fant\u00e1sticas acontecem quando h\u00e1 uma conjun\u00e7\u00e3o do amor de Deus por n\u00f3s com o nosso amor por ele!<\/em><\/p><\/blockquote>\n<p>&nbsp;<\/p>\n<p><a href=\"https:\/\/ultimato.com.br\/sites\/elbencesar\/files\/2025\/09\/blog_ec_24-9-25_somente.jpg\"><img loading=\"lazy\" decoding=\"async\" class=\"alignright size-medium wp-image-3202\" src=\"https:\/\/ultimato.com.br\/sites\/elbencesar\/files\/2025\/09\/blog_ec_24-9-25_somente-300x222.jpg\" alt=\"\" width=\"300\" height=\"222\" srcset=\"https:\/\/ultimato.com.br\/sites\/elbencesar\/files\/2025\/09\/blog_ec_24-9-25_somente-300x222.jpg 300w, https:\/\/ultimato.com.br\/sites\/elbencesar\/files\/2025\/09\/blog_ec_24-9-25_somente.jpg 500w\" sizes=\"auto, (max-width: 300px) 100vw, 300px\" \/><\/a>A salva\u00e7\u00e3o da culpa (justifica\u00e7\u00e3o), do poder (santifica\u00e7\u00e3o) e da presen\u00e7a do pecado (glorifica\u00e7\u00e3o) n\u00e3o \u00e9 resultado de nossos esfor\u00e7os, mas somente da gra\u00e7a de Deus (Ef 2.9). A salva\u00e7\u00e3o de alguma coisa inc\u00f4moda e aflitiva tamb\u00e9m n\u00e3o \u00e9 resultado de nosso esfor\u00e7o, de nossa iniciativa, de nosso suor, mas tamb\u00e9m somente da gra\u00e7a de Deus. Muito antes de Paulo, os poetas, cantores e m\u00fasicos da \u201cMinib\u00edblia\u201d tinham plena consci\u00eancia da maravilhosa gra\u00e7a. Diversas vezes, eles se autoproclamavam: \u201cEu sou pobre e necessitado\u201d (Sl 40.17; 70.5; 86.1; 109.22). Outra evid\u00eancia \u00e9 a vida normal de ora\u00e7\u00e3o que eles levavam, pois a ora\u00e7\u00e3o n\u00e3o \u00e9 poss\u00edvel enquanto n\u00e3o confessarmos duas coisas ao mesmo tempo: a estreiteza de nossos recursos e a extrema largueza dos recursos do poder e do amor de Deus.<\/p>\n<p>Os diferentes escritores dos salmos atribuem as respostas \u00e0s suas ora\u00e7\u00f5es e as b\u00ean\u00e7\u00e3os que vinham junto com elas n\u00e3o ao merecimento pr\u00f3prio, mas ao grande amor de Deus. Vejam-se os seguintes textos:<\/p>\n<p>\u201c<strong>Por causa<\/strong> do teu grande amor, eu posso entrar nos p\u00e1tios da tua casa e ajoelhar com todo o respeito, voltado para o teu santo Templo\u201d (5.7).<\/p>\n<p>\u201c<strong>Por causa<\/strong> do teu amor, livra-me da morte\u201d (6.4).<\/p>\n<p>\u201c<strong>Por causa <\/strong>de ti eu me alegrarei e ficarei feliz\u201d (9.2).<\/p>\n<p>\u201cEu me alegrarei<strong> por causa <\/strong>do que o Senhor Deus tem feito; ficarei feliz porque ele me salvou da morte\u201d (35.9).<\/p>\n<p>\u201cTu \u00e9s a fonte da vida, e, <strong>por causa<\/strong> da tua luz, n\u00f3s vemos a luz\u201d (36.9).<\/p>\n<p>\u201cN\u00e3o foi com espadas que os nossos antepassados conquistaram aquela terra [a terra de Cana\u00e3]; n\u00e3o foi com o seu pr\u00f3prio poder que eles venceram. Eles venceram <strong>com o teu poder, com a tua for\u00e7a e com a luz da tua presen\u00e7a<\/strong>. Assim tu mostraste o teu amor por eles\u201d (44.3).<\/p>\n<p>\u201cSalva-nos <strong>por causa <\/strong>do teu amor\u201d (44.26).<\/p>\n<p>\u201c<strong>Por causa d<\/strong>o teu amor, \u00f3 Deus, tem miseric\u00f3rdia de mim. <strong>Por causa<\/strong> da tua grande compaix\u00e3o apaga os meus pecados\u201d (51.1).<\/p>\n<p>\u201c<strong>Por causa<\/strong> do seu grande amor, ele [Deus] mudou de ideia [e nos livrou mais uma vez]\u201d (106.45).<\/p>\n<p>\u201c<strong>Por causa<\/strong> do teu amor e da tua fidelidade, eu me ajoelho virado para o teu santo Templo e dou gra\u00e7as a ti\u201d (138.2).<\/p>\n<p>H\u00e1 uma contrapartida da parte de Davi, o poss\u00edvel autor do Salmo 69: \u201c\u00c9 por causa do <strong>meu amor por ti <\/strong>que tenho suportado insultos e tenho passado vergonha\u201d (69.7).<\/p>\n<p>Coisas fant\u00e1sticas acontecem quando h\u00e1 uma conjun\u00e7\u00e3o do amor de Deus por n\u00f3s com o nosso amor por ele! Jo\u00e3o diz que \u201cn\u00f3s podemos desfrutar o amor &#8212; amar e ser amados, pois primeiro fomos amados; por isso, agora podemos amar. A verdade \u00e9 que ele [Deus] nos amou primeiro\u201d (1Jo 4.19, AM).<\/p>\n<p>&nbsp;<\/p>\n<h5>Artigo publicado originalmente na <a href=\"https:\/\/www.ultimato.com.br\/revista\/351\">edi\u00e7\u00e3o 351<\/a> de <strong>Ultimato<\/strong>.<\/h5>\n<h5><strong>Imagem<\/strong>: <a href=\"https:\/\/unsplash.com\/photos\/a-woman-sitting-on-a-bench-in-front-of-a-cross-YAGL-OFdOm8\">Unsplash<\/a>.<\/h5>\n<p>&nbsp;<\/p>\n<p><strong>Saiba mais:<\/strong><\/p>\n<p><a href=\"https:\/\/loja.ultimato.com.br\/livros\/a-pessoa-mais-importante-do-mundo\">A Pessoa Mais Importante do Mundo<\/a>, Elben C\u00e9sar<\/p>\n<p><a href=\"https:\/\/loja.ultimato.com.br\/livros\/o-caminho-do-coracao-meditacoes-diarias\">O Caminho do Cora\u00e7\u00e3o \u2013 Medita\u00e7\u00f5es di\u00e1rias<\/a>, Ricardo Barbosa<\/p>\n","protected":false},"excerpt":{"rendered":"<p>Coisas fant\u00e1sticas acontecem quando h\u00e1 uma conjun\u00e7\u00e3o do amor de Deus por n\u00f3s com o nosso amor por ele! &nbsp; A salva\u00e7\u00e3o da culpa (justifica\u00e7\u00e3o), do poder (santifica\u00e7\u00e3o) e da presen\u00e7a do pecado (glorifica\u00e7\u00e3o) n\u00e3o \u00e9 resultado de nossos esfor\u00e7os, mas somente da gra\u00e7a de Deus (Ef 2.9). A salva\u00e7\u00e3o de alguma coisa inc\u00f4moda e [&hellip;]<\/p>\n","protected":false},"author":21,"featured_media":0,"comment_status":"open","ping_status":"open","sticky":false,"template":"","format":"standard","meta":{"ngg_post_thumbnail":0,"footnotes":""},"categories":[116],"tags":[],"class_list":["post-3201","post","type-post","status-publish","format-standard","hentry","category-blog"],"_links":{"self":[{"href":"https:\/\/ultimato.com.br\/sites\/elbencesar\/wp-json\/wp\/v2\/posts\/3201","targetHints":{"allow":["GET"]}}],"collection":[{"href":"https:\/\/ultimato.com.br\/sites\/elbencesar\/wp-json\/wp\/v2\/posts"}],"about":[{"href":"https:\/\/ultimato.com.br\/sites\/elbencesar\/wp-json\/wp\/v2\/types\/post"}],"author":[{"embeddable":true,"href":"https:\/\/ultimato.com.br\/sites\/elbencesar\/wp-json\/wp\/v2\/users\/21"}],"replies":[{"embeddable":true,"href":"https:\/\/ultimato.com.br\/sites\/elbencesar\/wp-json\/wp\/v2\/comments?post=3201"}],"version-history":[{"count":2,"href":"https:\/\/ultimato.com.br\/sites\/elbencesar\/wp-json\/wp\/v2\/posts\/3201\/revisions"}],"predecessor-version":[{"id":3204,"href":"https:\/\/ultimato.com.br\/sites\/elbencesar\/wp-json\/wp\/v2\/posts\/3201\/revisions\/3204"}],"wp:attachment":[{"href":"https:\/\/ultimato.com.br\/sites\/elbencesar\/wp-json\/wp\/v2\/media?parent=3201"}],"wp:term":[{"taxonomy":"category","embeddable":true,"href":"https:\/\/ultimato.com.br\/sites\/elbencesar\/wp-json\/wp\/v2\/categories?post=3201"},{"taxonomy":"post_tag","embeddable":true,"href":"https:\/\/ultimato.com.br\/sites\/elbencesar\/wp-json\/wp\/v2\/tags?post=3201"}],"curies":[{"name":"wp","href":"https:\/\/api.w.org\/{rel}","templated":true}]}}