{"id":3051,"date":"2022-10-07T17:14:20","date_gmt":"2022-10-07T20:14:20","guid":{"rendered":"https:\/\/ultimato.com.br\/sites\/elbencesar\/?p=3051"},"modified":"2023-01-27T12:04:17","modified_gmt":"2023-01-27T15:04:17","slug":"como-a-crianca-recem-amamentada","status":"publish","type":"post","link":"https:\/\/ultimato.com.br\/sites\/elbencesar\/2022\/10\/07\/como-a-crianca-recem-amamentada\/","title":{"rendered":"Como a crian\u00e7a rec\u00e9m-amamentada"},"content":{"rendered":"<blockquote><p>Acalmei e tranquilizei a minha alma. Sou como uma crian\u00e7a rec\u00e9m-amamentada por sua m\u00e3e. (Sl 131.2)<\/p><\/blockquote>\n<p><img loading=\"lazy\" decoding=\"async\" class=\"alignright wp-image-3052\" src=\"https:\/\/ultimato.com.br\/sites\/elbencesar\/files\/2022\/10\/blog_EC_9-10-2022_crianca-amamentada.jpg\" alt=\"\" width=\"350\" height=\"350\" srcset=\"https:\/\/ultimato.com.br\/sites\/elbencesar\/files\/2022\/10\/blog_EC_9-10-2022_crianca-amamentada.jpg 1000w, https:\/\/ultimato.com.br\/sites\/elbencesar\/files\/2022\/10\/blog_EC_9-10-2022_crianca-amamentada-300x300.jpg 300w, https:\/\/ultimato.com.br\/sites\/elbencesar\/files\/2022\/10\/blog_EC_9-10-2022_crianca-amamentada-150x150.jpg 150w, https:\/\/ultimato.com.br\/sites\/elbencesar\/files\/2022\/10\/blog_EC_9-10-2022_crianca-amamentada-768x768.jpg 768w, https:\/\/ultimato.com.br\/sites\/elbencesar\/files\/2022\/10\/blog_EC_9-10-2022_crianca-amamentada-732x732.jpg 732w\" sizes=\"auto, (max-width: 350px) 100vw, 350px\" \/>A crian\u00e7a n\u00e3o \u00e9 sem pecado. Davi mesmo admite: \u201cSei que sou pecador desde que nasci, sim, desde que me concebeu minha m\u00e3e\u201d (Sl 51.5). Mas ela ainda \u00e9 muito simples, muito ing\u00eanua e muito pura. O pecado que habita dentro dela n\u00e3o fala t\u00e3o alto como no adulto. Ela ainda n\u00e3o foi engolfada pelo curso deste mundo. Por essas raz\u00f5es, a crian\u00e7a serve de exemplo para o adulto. Conforme o salmista, \u00e9 dos l\u00e1bios das crian\u00e7as e dos rec\u00e9m-nascidos que Deus tem tirado o perfeito louvor para \u201csilenciar o inimigo que busca vingan\u00e7a\u201d (Sl 8.2). Jesus citou essa passagem aos sacerdotes e aos mestres da lei por ocasi\u00e3o de sua entrada triunfal em Jerusal\u00e9m (Mt 21.16).<\/p>\n<p>Depois de impor calma e tranquilidade \u00e0 sua alma, o salmista compara o seu estado de esp\u00edrito ao da crian\u00e7a desmamada ainda nos bra\u00e7os da m\u00e3e, e afirma com convic\u00e7\u00e3o: \u201cA minha alma \u00e9 como essa crian\u00e7a\u201d (Sl 131.2).<\/p>\n<p>O salmista n\u00e3o \u00e9 o \u00fanico a tomar a crian\u00e7a como modelo de comportamento. Jesus, Paulo e Pedro fizeram o mesmo.<\/p>\n<p><a href=\"https:\/\/www.ultimato.com.br\/loja\/produtos\/um-ano-com-os-salmos\"><img loading=\"lazy\" decoding=\"async\" class=\"alignleft wp-image-3053\" src=\"https:\/\/ultimato.com.br\/sites\/elbencesar\/files\/2022\/10\/devocionario_2023_web.jpg\" alt=\"\" width=\"150\" height=\"216\" srcset=\"https:\/\/ultimato.com.br\/sites\/elbencesar\/files\/2022\/10\/devocionario_2023_web.jpg 278w, https:\/\/ultimato.com.br\/sites\/elbencesar\/files\/2022\/10\/devocionario_2023_web-209x300.jpg 209w\" sizes=\"auto, (max-width: 150px) 100vw, 150px\" \/><\/a>Para responder \u00e0 pergunta: \u201cQuem \u00e9 o maior no reino dos c\u00e9us?\u201d, Jesus chamou uma crian\u00e7a, colocou-a no meio dos disc\u00edpulos e respondeu: \u201cQuem se faz humilde como esta crian\u00e7a, este \u00e9 o maior no reino dos c\u00e9us\u201d (Mt 18.1-6). Paulo ordenou aos cor\u00edntios que se tornassem crian\u00e7as quanto \u00e0 mal\u00edcia, mas n\u00e3o quanto \u00e0 faculdade de compreender e julgar (1Co 14.20). E Pedro ensinou aos crentes que eles deveriam desejar ardentemente o leite espiritual, assim como as crian\u00e7as rec\u00e9m-nascidas buscam o seio materno (1Pe 2.2).<\/p>\n<p>Artigo originalmente publicado no devocion\u00e1rio <em><a href=\"https:\/\/www.ultimato.com.br\/loja\/produtos\/um-ano-com-os-salmos\">Um Ano Com os Salmos<\/a>.<\/em><em>\u00a0<\/em><\/p>\n<p>&nbsp;<\/p>\n<p><strong>Saiba mais:<\/strong><\/p>\n<p>\u00bb <a href=\"https:\/\/www.ultimato.com.br\/conteudo\/a-crianca-e-a-igreja-hoje-mas-como-e-isso-na-pratica\">A crian\u00e7a \u00e9 a igreja hoje. Mas como \u00e9 isso na pr\u00e1tica?<\/a><br \/>\n\u00bb <a href=\"https:\/\/www.ultimato.com.br\/conteudo\/ser-crianca-e-plano-de-deus\">Ser crian\u00e7a \u00e9 plano de Deus<\/a><br \/>\n\u00bb <a href=\"https:\/\/www.ultimato.com.br\/loja\/produtos\/minha-familia-pode-ser-feliz\">Minha Fam\u00edlia Pode Ser Feliz<\/a><\/p>\n<p>&nbsp;<\/p>\n","protected":false},"excerpt":{"rendered":"<p>Acalmei e tranquilizei a minha alma. Sou como uma crian\u00e7a rec\u00e9m-amamentada por sua m\u00e3e. (Sl 131.2) A crian\u00e7a n\u00e3o \u00e9 sem pecado. Davi mesmo admite: \u201cSei que sou pecador desde que nasci, sim, desde que me concebeu minha m\u00e3e\u201d (Sl 51.5). Mas ela ainda \u00e9 muito simples, muito ing\u00eanua e muito pura. O pecado que [&hellip;]<\/p>\n","protected":false},"author":21,"featured_media":0,"comment_status":"open","ping_status":"open","sticky":false,"template":"","format":"standard","meta":{"ngg_post_thumbnail":0,"footnotes":""},"categories":[116],"tags":[],"class_list":["post-3051","post","type-post","status-publish","format-standard","hentry","category-blog"],"_links":{"self":[{"href":"https:\/\/ultimato.com.br\/sites\/elbencesar\/wp-json\/wp\/v2\/posts\/3051","targetHints":{"allow":["GET"]}}],"collection":[{"href":"https:\/\/ultimato.com.br\/sites\/elbencesar\/wp-json\/wp\/v2\/posts"}],"about":[{"href":"https:\/\/ultimato.com.br\/sites\/elbencesar\/wp-json\/wp\/v2\/types\/post"}],"author":[{"embeddable":true,"href":"https:\/\/ultimato.com.br\/sites\/elbencesar\/wp-json\/wp\/v2\/users\/21"}],"replies":[{"embeddable":true,"href":"https:\/\/ultimato.com.br\/sites\/elbencesar\/wp-json\/wp\/v2\/comments?post=3051"}],"version-history":[{"count":2,"href":"https:\/\/ultimato.com.br\/sites\/elbencesar\/wp-json\/wp\/v2\/posts\/3051\/revisions"}],"predecessor-version":[{"id":3055,"href":"https:\/\/ultimato.com.br\/sites\/elbencesar\/wp-json\/wp\/v2\/posts\/3051\/revisions\/3055"}],"wp:attachment":[{"href":"https:\/\/ultimato.com.br\/sites\/elbencesar\/wp-json\/wp\/v2\/media?parent=3051"}],"wp:term":[{"taxonomy":"category","embeddable":true,"href":"https:\/\/ultimato.com.br\/sites\/elbencesar\/wp-json\/wp\/v2\/categories?post=3051"},{"taxonomy":"post_tag","embeddable":true,"href":"https:\/\/ultimato.com.br\/sites\/elbencesar\/wp-json\/wp\/v2\/tags?post=3051"}],"curies":[{"name":"wp","href":"https:\/\/api.w.org\/{rel}","templated":true}]}}