{"id":2989,"date":"2021-12-17T08:21:48","date_gmt":"2021-12-17T11:21:48","guid":{"rendered":"https:\/\/ultimato.com.br\/sites\/elbencesar\/?p=2989"},"modified":"2022-12-23T13:59:33","modified_gmt":"2022-12-23T16:59:33","slug":"natal-de-verdade-2","status":"publish","type":"post","link":"https:\/\/ultimato.com.br\/sites\/elbencesar\/2021\/12\/17\/natal-de-verdade-2\/","title":{"rendered":"Natal de verdade"},"content":{"rendered":"<p><img loading=\"lazy\" decoding=\"async\" class=\"alignright wp-image-2990\" title=\"Unsplash.com\" src=\"https:\/\/ultimato.com.br\/sites\/elbencesar\/files\/2021\/12\/imag_17_12_21_natal-de-verdade.jpg\" alt=\"\" width=\"400\" height=\"296\" srcset=\"https:\/\/ultimato.com.br\/sites\/elbencesar\/files\/2021\/12\/imag_17_12_21_natal-de-verdade.jpg 500w, https:\/\/ultimato.com.br\/sites\/elbencesar\/files\/2021\/12\/imag_17_12_21_natal-de-verdade-300x222.jpg 300w\" sizes=\"auto, (max-width: 400px) 100vw, 400px\" \/>Jesus foi colocado no \u00fatero de Maria pelo Esp\u00edrito Santo, na manjedoura de Bel\u00e9m por Maria, na cruz pelos soldados romanos e no sepulcro por Jos\u00e9 de Arimateia e Nicodemos. Entre o primeiro evento e o \u00faltimo transcorreram-se cerca de 34 anos. Sucessivamente, o \u00fatero ficou vazio, a manjedoura ficou vazia, a cruz ficou vazia e o sepulcro ficou vazio.<\/p>\n<p>Nesse curto per\u00edodo de tempo, o Verbo se fez carne e viveu entre n\u00f3s, cheio de gra\u00e7a e de verdade. Vimos a sua gl\u00f3ria diversas vezes, nos c\u00e9us de Bel\u00e9m, no rio Jord\u00e3o, nas estradas e nos lugares desertos, no monte da transfigura\u00e7\u00e3o, no mar da Galil\u00e9ia, no Jardim das Oliveiras, em casas particulares (de Maria, Marta e L\u00e1zaro, de Jairo, de Pedro, de Sim\u00e3o, o fariseu), na sinagoga de Nazar\u00e9, e no templo de Jerusal\u00e9m. Ouvimos as suas par\u00e1bolas, os seus discursos, e as suas respostas \u00e0s perguntas e aos enigmas que lhe apresentavam. Vimos a sua humanidade por inteiro e a sua divindade por inteiro. Vimos como ele enxergava o sofrimento alheio, se compadecia do sofrimento alheio e gastava tempo com o sofrimento alheio. Vimos como ele perdoava o pecador coberto de pecado e de vergonha, e condenava o pecador coberto de pecado e de hipocrisia. Vimos as suas muitas curas e as ressurrei\u00e7\u00f5es que ele operou, os seus muitos milagres e sinais. Vimos a sua agonia no Gets\u00eamani, a sua morte na cruz, a sua ressurrei\u00e7\u00e3o no primeiro dia da semana posterior ao seu sepultamento. Vimos as suas muitas e extravagantes apari\u00e7\u00f5es. Ouvimos as suas \u00faltimas palavras e vimos o seu \u00faltimo gesto ao ser elevado ao c\u00e9u numa nuvem.<\/p>\n<p>No primeiro Natal, diz C. S. Lewis, Deus desembarcou de forma mascarada neste mundo ocupado pelo inimigo, dando in\u00edcio a uma esp\u00e9cie de sociedade secreta para minar o Diabo. N\u00f3s fazemos parte dessa sociedade secreta, mas n\u00e3o fechada, que \u00e9 a Igreja Invis\u00edvel. Quando o tempo da gra\u00e7a se esgotar, Deus acabar\u00e1 invadindo a hist\u00f3ria e, quando isso acontecer, ser\u00e1 o fim do mundo, acrescenta C. S. Lewis!<\/p>\n<hr \/>\n<p><strong>Leia tamb\u00e9m:<\/strong><br \/>\n\u00bb <a href=\"https:\/\/www.ultimato.com.br\/conteudo\/a-viagem-de-bela-um-musical-de-natal\">A Viagem de Bela &#8211; Um musical de Natal<\/a><br \/>\n\u00bb <a href=\"https:\/\/ultimato.com.br\/sites\/blogdaultimato\/2020\/12\/24\/canticos-a-melhor-tradicao-de-natal\/\">C\u00e2nticos: a melhor tradi\u00e7\u00e3o de Natal<\/a><br \/>\n\u00bb <a href=\"https:\/\/ultimato.com.br\/sites\/blogdaultimato\/2018\/12\/10\/o-que-ler-para-celebrar-o-natal\/\">O que ler para celebrar o Natal<\/a><\/p>\n","protected":false},"excerpt":{"rendered":"<p>Jesus foi colocado no \u00fatero de Maria pelo Esp\u00edrito Santo, na manjedoura de Bel\u00e9m por Maria, na cruz pelos soldados romanos e no sepulcro por Jos\u00e9 de Arimateia e Nicodemos. Entre o primeiro evento e o \u00faltimo transcorreram-se cerca de 34 anos. Sucessivamente, o \u00fatero ficou vazio, a manjedoura ficou vazia, a cruz ficou vazia [&hellip;]<\/p>\n","protected":false},"author":21,"featured_media":0,"comment_status":"open","ping_status":"open","sticky":false,"template":"","format":"standard","meta":{"ngg_post_thumbnail":0,"footnotes":""},"categories":[116],"tags":[],"class_list":["post-2989","post","type-post","status-publish","format-standard","hentry","category-blog"],"_links":{"self":[{"href":"https:\/\/ultimato.com.br\/sites\/elbencesar\/wp-json\/wp\/v2\/posts\/2989","targetHints":{"allow":["GET"]}}],"collection":[{"href":"https:\/\/ultimato.com.br\/sites\/elbencesar\/wp-json\/wp\/v2\/posts"}],"about":[{"href":"https:\/\/ultimato.com.br\/sites\/elbencesar\/wp-json\/wp\/v2\/types\/post"}],"author":[{"embeddable":true,"href":"https:\/\/ultimato.com.br\/sites\/elbencesar\/wp-json\/wp\/v2\/users\/21"}],"replies":[{"embeddable":true,"href":"https:\/\/ultimato.com.br\/sites\/elbencesar\/wp-json\/wp\/v2\/comments?post=2989"}],"version-history":[{"count":3,"href":"https:\/\/ultimato.com.br\/sites\/elbencesar\/wp-json\/wp\/v2\/posts\/2989\/revisions"}],"predecessor-version":[{"id":2993,"href":"https:\/\/ultimato.com.br\/sites\/elbencesar\/wp-json\/wp\/v2\/posts\/2989\/revisions\/2993"}],"wp:attachment":[{"href":"https:\/\/ultimato.com.br\/sites\/elbencesar\/wp-json\/wp\/v2\/media?parent=2989"}],"wp:term":[{"taxonomy":"category","embeddable":true,"href":"https:\/\/ultimato.com.br\/sites\/elbencesar\/wp-json\/wp\/v2\/categories?post=2989"},{"taxonomy":"post_tag","embeddable":true,"href":"https:\/\/ultimato.com.br\/sites\/elbencesar\/wp-json\/wp\/v2\/tags?post=2989"}],"curies":[{"name":"wp","href":"https:\/\/api.w.org\/{rel}","templated":true}]}}