{"id":2936,"date":"2021-10-07T11:14:10","date_gmt":"2021-10-07T14:14:10","guid":{"rendered":"https:\/\/ultimato.com.br\/sites\/elbencesar\/?p=2936"},"modified":"2021-10-07T11:14:10","modified_gmt":"2021-10-07T14:14:10","slug":"as-brigas-de-jesus-por-causa-das-criancas-2","status":"publish","type":"post","link":"https:\/\/ultimato.com.br\/sites\/elbencesar\/2021\/10\/07\/as-brigas-de-jesus-por-causa-das-criancas-2\/","title":{"rendered":"As brigas de Jesus por causa das crian\u00e7as"},"content":{"rendered":"<p><a href=\"https:\/\/ultimato.com.br\/sites\/elbencesar\/files\/2021\/10\/blog_EC_8-10-2021_criancas.jpg\"><img loading=\"lazy\" decoding=\"async\" class=\"alignright wp-image-2937 size-medium\" title=\"Christina Balit. B\u00edblia Para Crian\u00e7as, Editora Sinodal. Reproduzido com permiss\u00e3o.\" src=\"https:\/\/ultimato.com.br\/sites\/elbencesar\/files\/2021\/10\/blog_EC_8-10-2021_criancas-250x300.jpg\" alt=\"\" width=\"250\" height=\"300\" srcset=\"https:\/\/ultimato.com.br\/sites\/elbencesar\/files\/2021\/10\/blog_EC_8-10-2021_criancas-250x300.jpg 250w, https:\/\/ultimato.com.br\/sites\/elbencesar\/files\/2021\/10\/blog_EC_8-10-2021_criancas-852x1024.jpg 852w, https:\/\/ultimato.com.br\/sites\/elbencesar\/files\/2021\/10\/blog_EC_8-10-2021_criancas-768x923.jpg 768w, https:\/\/ultimato.com.br\/sites\/elbencesar\/files\/2021\/10\/blog_EC_8-10-2021_criancas-732x880.jpg 732w, https:\/\/ultimato.com.br\/sites\/elbencesar\/files\/2021\/10\/blog_EC_8-10-2021_criancas.jpg 1000w\" sizes=\"auto, (max-width: 250px) 100vw, 250px\" \/><\/a>Os crimes contra as crian\u00e7as n\u00e3o t\u00eam conta. Come\u00e7am quando ela acaba de nascer, como acontece no Egito com os rec\u00e9m-nascidos do sexo masculino das hebreias que l\u00e1 viviam na \u00e9poca de Mois\u00e9s (\u00cax 1.15-22). Continuam quando a crian\u00e7a tem dois anos para baixo como aconteceu com \u201cos filhos de Raquel\u201d, em Bel\u00e9m e todos os seus arredores, na \u00e9poca de Jesus (Mt 3.16-18).<\/p>\n<p>Ora as crian\u00e7as s\u00e3o jogadas com vida no rio Nilo (\u00cax 1.22). Ora s\u00e3o oferecidas como sacrif\u00edcio ao deus Moloque para serem queimadas pelo fogo, como se fazia entre os amonitas e, em \u00e9poca de grave crise, at\u00e9 os israelitas (Jr 32.35). Ora s\u00e3o imprudentes enviadas \u00e0 Terra Santa para expulsar dali os infi\u00e9is, como aconteceu em 1212, com a denominada Cruzada das Crian\u00e7as. Ora adoecem e morrem por falta de p\u00e3o, por causa de consumismo de alguns. Ora adoecem e morrem por causa do \u00e1lcool, das drogas e da AIDS, por n\u00e3o terem pais ou por terem pais separados ou irrespons\u00e1veis. Em meio a este cen\u00e1rio tr\u00e1gico que n\u00e3o pode ser desmentido, ouve-se uma voz retumbante por toda a terra que clama:<\/p>\n<p>\u201cDeixai vir a mim os pequeninos e n\u00e3o os embaraceis, porque dos tais \u00e9 o reino de Deus\u201d (Lc 18.16).<\/p>\n<p>O grito de Jesus em solidariedade \u00e0s crian\u00e7as \u00e9 bem conhecido. Mas as circunst\u00e2ncias no meio das quais o Senhor pronunciou essas palavras candentes precisam ser mais conhecidas.<\/p>\n<p>Alguns pais tiveram a feliz ideia de trazer suas crian\u00e7as a Jesus para que Ele as tocasse, lhes impusesse as m\u00e3os e orasse por elas (Mt 19.13-15, Mc 10.13-16 e Lc 18.15-17). E os disc\u00edpulos tiveram a infeliz ideia de repreender esses pais, talvez para poupar Jesus de algum trabalho. Diante do impasse p\u00fablico, Jesus se p\u00f5e ao lado das crian\u00e7as e contra os disc\u00edpulos, mesmo estando eles investidos de autoridade. Ele fica indignado contra os disc\u00edpulos, chama as crian\u00e7as para junto de si, toma-as em seus bra\u00e7os, imp\u00f5e sobre elas as m\u00e3os e as aben\u00e7oa. Foi nessa ocasi\u00e3o que Jesus pronunciou as mais solenes palavras sobre a aten\u00e7\u00e3o que se deve dar \u00e0s crian\u00e7as: \u201cDeixai vir a mim os pequeninos, e n\u00e3o os embaraceis, porque dos tais \u00e9 o reino de Deus\u201d. E ainda acrescentou: \u201cQuem n\u00e3o receber o reino de Deus como uma crian\u00e7a, de maneira alguma entrar\u00e1 nele\u201d.<\/p>\n<p>Esta n\u00e3o foi a \u00fanica ocasi\u00e3o em que Jesus brigou com algu\u00e9m por causa das crian\u00e7as. No tumulto da expuls\u00e3o dos que vendiam e compravam no templo, da derrubada de mesas e cadeiras e da cura de cegos e coxos, as crian\u00e7as gritavam corajosamente no p\u00e1tio: \u201cGl\u00f3ria ao Filho de Deus!\u201d. Os principais sacerdotes e os escribas ficaram indignados com o que Jesus fazia e com o que as crian\u00e7as faziam. Ent\u00e3o lhe perguntaram: \u201cOuves o que estes (os meninos, as crian\u00e7as) est\u00e3o dizendo?\u201d. Jesus simplesmente respondeu, reportando-se ao Salmo 8: \u201cClaro que sim. Voc\u00eas j\u00e1 n\u00e3o leram a passagem das Escrituras que diz: Deus ensinou as crian\u00e7as e as criancinhas a oferecerem o louvor perfeito?\u201d (Mt 21.12-17).<\/p>\n<p>Numa terceira ocasi\u00e3o, Jesus se pronunciou em p\u00fablico sobre a integridade espiritual da crian\u00e7a e fez uma terr\u00edvel amea\u00e7a: \u201cSe algu\u00e9m for culpado de um deles (os pequeninhos) me abandonar, seria melhor para essa pessoa ser jogada ao mar, com uma grande pedra amarrada ao pesco\u00e7o\u201d (Mt 18.6).<\/p>\n<p>Jesus \u00e9 a salva\u00e7\u00e3o das crian\u00e7as. N\u00e3o s\u00f3 por causa da perfeita reden\u00e7\u00e3o operada por Ele na cruz do Calv\u00e1rio em favor delas e dos adultos. Mas, tamb\u00e9m, porque Ele levanta a sua voz contra qualquer crime ou qualquer injusti\u00e7a cometida entre as crian\u00e7as. Jesus sempre se p\u00f5e ao lado delas e contra os culpados, seja quem for, n\u00e3o importa como, quando e onde!<\/p>\n<pre>Artigo publicado originalmente na edi\u00e7\u00e3o 249 de <strong>Ultimato<\/strong>, novembro de 1997.<\/pre>\n","protected":false},"excerpt":{"rendered":"<p>Os crimes contra as crian\u00e7as n\u00e3o t\u00eam conta. Come\u00e7am quando ela acaba de nascer, como acontece no Egito com os rec\u00e9m-nascidos do sexo masculino das hebreias que l\u00e1 viviam na \u00e9poca de Mois\u00e9s (\u00cax 1.15-22). Continuam quando a crian\u00e7a tem dois anos para baixo como aconteceu com \u201cos filhos de Raquel\u201d, em Bel\u00e9m e todos [&hellip;]<\/p>\n","protected":false},"author":21,"featured_media":0,"comment_status":"open","ping_status":"open","sticky":false,"template":"","format":"standard","meta":{"ngg_post_thumbnail":0,"footnotes":""},"categories":[116],"tags":[15,28787],"class_list":["post-2936","post","type-post","status-publish","format-standard","hentry","category-blog","tag-criancas","tag-proteger"],"_links":{"self":[{"href":"https:\/\/ultimato.com.br\/sites\/elbencesar\/wp-json\/wp\/v2\/posts\/2936","targetHints":{"allow":["GET"]}}],"collection":[{"href":"https:\/\/ultimato.com.br\/sites\/elbencesar\/wp-json\/wp\/v2\/posts"}],"about":[{"href":"https:\/\/ultimato.com.br\/sites\/elbencesar\/wp-json\/wp\/v2\/types\/post"}],"author":[{"embeddable":true,"href":"https:\/\/ultimato.com.br\/sites\/elbencesar\/wp-json\/wp\/v2\/users\/21"}],"replies":[{"embeddable":true,"href":"https:\/\/ultimato.com.br\/sites\/elbencesar\/wp-json\/wp\/v2\/comments?post=2936"}],"version-history":[{"count":1,"href":"https:\/\/ultimato.com.br\/sites\/elbencesar\/wp-json\/wp\/v2\/posts\/2936\/revisions"}],"predecessor-version":[{"id":2938,"href":"https:\/\/ultimato.com.br\/sites\/elbencesar\/wp-json\/wp\/v2\/posts\/2936\/revisions\/2938"}],"wp:attachment":[{"href":"https:\/\/ultimato.com.br\/sites\/elbencesar\/wp-json\/wp\/v2\/media?parent=2936"}],"wp:term":[{"taxonomy":"category","embeddable":true,"href":"https:\/\/ultimato.com.br\/sites\/elbencesar\/wp-json\/wp\/v2\/categories?post=2936"},{"taxonomy":"post_tag","embeddable":true,"href":"https:\/\/ultimato.com.br\/sites\/elbencesar\/wp-json\/wp\/v2\/tags?post=2936"}],"curies":[{"name":"wp","href":"https:\/\/api.w.org\/{rel}","templated":true}]}}