{"id":2905,"date":"2021-08-25T10:15:57","date_gmt":"2021-08-25T13:15:57","guid":{"rendered":"https:\/\/ultimato.com.br\/sites\/elbencesar\/?p=2905"},"modified":"2021-08-25T11:33:41","modified_gmt":"2021-08-25T14:33:41","slug":"convite-para-o-enterro-mais-festivo-da-historia","status":"publish","type":"post","link":"https:\/\/ultimato.com.br\/sites\/elbencesar\/2021\/08\/25\/convite-para-o-enterro-mais-festivo-da-historia\/","title":{"rendered":"Convite para o enterro mais festivo da hist\u00f3ria"},"content":{"rendered":"<p><span style=\"color: #808000;\"><strong>Por Jair Cordeiro<\/strong><\/span><\/p>\n<p>Agrade\u00e7o sinceramente a todos que vieram ao meu sepultamento hoje pela manh\u00e3: parentes, companheiros de f\u00e9 e amigos. Voc\u00eas foram muitos atenciosos comigo e com minha fam\u00edlia. Deus os aben\u00e7oe.<\/p>\n<p>Aproveito a como\u00e7\u00e3o do momento para dar testemunho da minha esperan\u00e7a em Cristo, meu Salvador e Senhor meu. Mantive, ampliei e preguei at\u00e9 ontem, dia da minha partida, uma f\u00e9 simples e bem firmada no sacrif\u00edcio vic\u00e1rio e na pessoa de Jesus Cristo. Dou gra\u00e7as a Deus porque Ele arrancou o v\u00e9u e me deixou ver o Senhor por meio das Escrituras.<\/p>\n<p>Agora quero fazer um convite muito solene. Convido-os para o enterro da morte. N\u00e3o posso fornecer-lhes a data nem o hor\u00e1rio, mas, suponho, n\u00e3o vai demorar muito. Ela est\u00e1 morrendo aos poucos. N\u00e3o h\u00e1 como escapar.<\/p>\n<p>Por favor, n\u00e3o coloquem luto nem roupas s\u00e9rias. Venham o mais informal poss\u00edvel, com pe\u00e7as bem coloridas. Todos quantos conhecem m\u00fasica, tragam seus instrumentos de corda e de sopro. De percuss\u00e3o tamb\u00e9m. As cornetas ser\u00e3o muito bem-vindas. Fa\u00e7am alarde e muito barulho. Pulem, dancem, levantem as m\u00e3os para o alto, mexam-se \u00e0 vontade. Em qualquer outro enterro, isso seria imposs\u00edvel. Mas, no enterro da morte, tudo \u00e9 poss\u00edvel. \u00c9 dia de festa e n\u00e3o de dor.<\/p>\n<p>Ao convid\u00e1-los para o \u00fanico enterro festivo da hist\u00f3ria, parto do pressuposto de que voc\u00eas tamb\u00e9m acreditam na morte da morte. N\u00e3o tenham a menor d\u00favida: a morte vai morrer. Al\u00e9m de ser um fato absolutamente l\u00f3gico sob a perspectiva crist\u00e3, est\u00e1 escrito: \u201cO \u00faltimo inimigo a ser destru\u00eddo \u00e9 a morte\u201d (1 Co 15.26). Desde que foi assunto aos c\u00e9us e assentou-se \u00e0 direita de Deus, Jesus Cristo est\u00e1 colocando debaixo de seus p\u00e9s todos os poderes do mal. Em sua agenda, a morte da morte est\u00e1 em \u00faltimo lugar.<\/p>\n<p>N\u00e3o os convido para uma revanche contra a morte. Convido-os para a mais solene de todas as comemora\u00e7\u00f5es jamais realizadas. Hoje proclamamos pela f\u00e9: \u201cOnde est\u00e1, \u00f3 morte, a tua vit\u00f3ria? onde est\u00e1, \u00f3 morte, o teu aguilh\u00e3o?\u201d (1 Co 15.55.) Amanh\u00e3, no cortejo festivo da morte, n\u00e3o ser\u00e1 por f\u00e9, mas por olhos. A festa \u00e9 indispens\u00e1vel. Lembrem-se de quantas vezes voc\u00eas vieram aos cemit\u00e9rios deste mundo para sepultar, debaixo de muita dor e muitas l\u00e1grimas, o c\u00f4njuge de muitos anos ou o filhinho de poucos anos. Naquele tempo era a vez da morte. Por ocasi\u00e3o da morte da morte, ser\u00e1 a nossa vez. Se voc\u00eas ainda t\u00eam alguma d\u00favida, leiam o que est\u00e1 registrado na pen\u00faltima p\u00e1gina da B\u00edblia: \u201cN\u00e3o haver\u00e1 mais morte, nem lamento, nem choro, nem dor, pois a antiga ordem j\u00e1 passou\u201d (Ap 21.4).<\/p>\n<p>Ah, j\u00e1 ia me esquecendo de fazer uma sugest\u00e3o: cantem a quatro vozes no enterro da morte o grande coro\u00a0<em>Aleluia<\/em>, do orat\u00f3rio\u00a0<em>O Messias<\/em>, de George Frederico Handel, entoado pela primeira vez em 1742.<\/p>\n<p>Jair Cordeiro \u00e9 nome fict\u00edcio. Por enquanto, o autor prefere permanecer no anonimato. A seu pedido, o texto ser\u00e1 distribu\u00eddo no dia de seu enterro.<\/p>\n<p>&nbsp;<\/p>\n<p>Publicado originalmente na se\u00e7\u00e3o \u201cConvite\u201d da <a href=\"https:\/\/www.ultimato.com.br\/revista\/263\">edi\u00e7\u00e3o 263<\/a> (Mar\u00e7o-Abril 2000) de <strong>Ultimato<\/strong>.<\/p>\n<p><a href=\"https:\/\/ultimato.com.br\/sites\/elbencesar\/files\/2021\/08\/Capa_19x25cm-e1629891266835.jpg\"><img loading=\"lazy\" decoding=\"async\" class=\"alignright wp-image-2865\" src=\"https:\/\/ultimato.com.br\/sites\/elbencesar\/files\/2021\/08\/Capa_19x25cm-231x300.jpg\" alt=\"\" width=\"170\" height=\"221\" \/><\/a><\/p>\n<p>&nbsp;<\/p>\n<blockquote><p><a href=\"https:\/\/www.ultimato.com.br\/revista\/391\">A edi\u00e7\u00e3o de Setembro\/Outubro<\/a>\u00a0\u00e9 uma conversa sobre a morte e quem somos n\u00f3s diante dela. Como disse Salom\u00e3o, h\u00e1 mais sabedoria na casa onde h\u00e1 luto do que na casa onde h\u00e1 festa. No final das contas, falar sobre a morte \u00e9 ensino para a vida, sobre si, sobre Deus.<\/p><\/blockquote>\n","protected":false},"excerpt":{"rendered":"<p>Por Jair Cordeiro Agrade\u00e7o sinceramente a todos que vieram ao meu sepultamento hoje pela manh\u00e3: parentes, companheiros de f\u00e9 e amigos. Voc\u00eas foram muitos atenciosos comigo e com minha fam\u00edlia. Deus os aben\u00e7oe. Aproveito a como\u00e7\u00e3o do momento para dar testemunho da minha esperan\u00e7a em Cristo, meu Salvador e Senhor meu. Mantive, ampliei e preguei [&hellip;]<\/p>\n","protected":false},"author":21,"featured_media":0,"comment_status":"open","ping_status":"open","sticky":false,"template":"","format":"standard","meta":{"ngg_post_thumbnail":0,"footnotes":""},"categories":[116],"tags":[44836,161,5953],"class_list":["post-2905","post","type-post","status-publish","format-standard","hentry","category-blog","tag-enterro","tag-morte","tag-revista-ultimato"],"_links":{"self":[{"href":"https:\/\/ultimato.com.br\/sites\/elbencesar\/wp-json\/wp\/v2\/posts\/2905","targetHints":{"allow":["GET"]}}],"collection":[{"href":"https:\/\/ultimato.com.br\/sites\/elbencesar\/wp-json\/wp\/v2\/posts"}],"about":[{"href":"https:\/\/ultimato.com.br\/sites\/elbencesar\/wp-json\/wp\/v2\/types\/post"}],"author":[{"embeddable":true,"href":"https:\/\/ultimato.com.br\/sites\/elbencesar\/wp-json\/wp\/v2\/users\/21"}],"replies":[{"embeddable":true,"href":"https:\/\/ultimato.com.br\/sites\/elbencesar\/wp-json\/wp\/v2\/comments?post=2905"}],"version-history":[{"count":4,"href":"https:\/\/ultimato.com.br\/sites\/elbencesar\/wp-json\/wp\/v2\/posts\/2905\/revisions"}],"predecessor-version":[{"id":2909,"href":"https:\/\/ultimato.com.br\/sites\/elbencesar\/wp-json\/wp\/v2\/posts\/2905\/revisions\/2909"}],"wp:attachment":[{"href":"https:\/\/ultimato.com.br\/sites\/elbencesar\/wp-json\/wp\/v2\/media?parent=2905"}],"wp:term":[{"taxonomy":"category","embeddable":true,"href":"https:\/\/ultimato.com.br\/sites\/elbencesar\/wp-json\/wp\/v2\/categories?post=2905"},{"taxonomy":"post_tag","embeddable":true,"href":"https:\/\/ultimato.com.br\/sites\/elbencesar\/wp-json\/wp\/v2\/tags?post=2905"}],"curies":[{"name":"wp","href":"https:\/\/api.w.org\/{rel}","templated":true}]}}