{"id":2864,"date":"2021-08-24T10:59:17","date_gmt":"2021-08-24T13:59:17","guid":{"rendered":"https:\/\/ultimato.com.br\/sites\/elbencesar\/?p=2864"},"modified":"2021-08-24T10:59:17","modified_gmt":"2021-08-24T13:59:17","slug":"as-contradicoes-da-morte","status":"publish","type":"post","link":"https:\/\/ultimato.com.br\/sites\/elbencesar\/2021\/08\/24\/as-contradicoes-da-morte\/","title":{"rendered":"As contradi\u00e7\u00f5es da morte"},"content":{"rendered":"<p><strong><span style=\"color: #808000;\">Por Elben C\u00e9sar<\/span><\/strong><\/p>\n<blockquote><p>\n\u201cA morte subiu pelas nossas janelas, e entrou em nossos pal\u00e1cios; exterminou das ruas as crian\u00e7as, e os jovens das pra\u00e7as\u201d (Jr 9.21)<\/p><\/blockquote>\n<p><strong><a href=\"https:\/\/ultimato.com.br\/sites\/elbencesar\/files\/2021\/08\/blog_EC_24-8-2021_contradicoes.jpg\"><img loading=\"lazy\" decoding=\"async\" class=\"alignright size-medium wp-image-2869\" src=\"https:\/\/ultimato.com.br\/sites\/elbencesar\/files\/2021\/08\/blog_EC_24-8-2021_contradicoes-300x164.jpg\" alt=\"\" width=\"300\" height=\"164\" srcset=\"https:\/\/ultimato.com.br\/sites\/elbencesar\/files\/2021\/08\/blog_EC_24-8-2021_contradicoes-300x164.jpg 300w, https:\/\/ultimato.com.br\/sites\/elbencesar\/files\/2021\/08\/blog_EC_24-8-2021_contradicoes.jpg 350w\" sizes=\"auto, (max-width: 300px) 100vw, 300px\" \/><\/a>A morte persegue<br \/>\n<\/strong>A morte n\u00e3o tem sentimentos. \u00c9 cruel. Ela vai atr\u00e1s dos rec\u00e9m-nascidos, das crian\u00e7as, dos jovens, dos adultos e dos velhos. Penetra nas favelas e nos condom\u00ednios fechados. Entra nos barracos e nas coberturas. Colhe homens e mulheres. N\u00e3o respeita os chefes de estado, as mo\u00e7as bonitas, os atletas nem os cientistas. N\u00e3o envia aviso pr\u00e9vio para ningu\u00e9m. Surge de supet\u00e3o, doa a quem doer. \u00c9 sempre campe\u00e3. \u00c9 vaidosa e prepotente. Gosta de ser not\u00edcia. Por culpa da morte, o primeiro livro da B\u00edblia, que narra a cria\u00e7\u00e3o e a beleza dos c\u00e9us e da terra, termina com uma nota f\u00fanebre: \u201cMorreu Jos\u00e9 com cento e dez anos, embalsamaram-no e o puseram num caix\u00e3o no Egito\u201d (Gn 50.26).<\/p>\n<p><strong>A morte foge<br \/>\n<\/strong>A morte \u00e9 t\u00e3o sem eleg\u00e2ncia que desaparece do cen\u00e1rio quando algu\u00e9m, por qualquer motivo pessoal, passa a desej\u00e1-la. \u00c9 isto que se l\u00ea em Apocalipse: \u201cNaqueles dias os homens buscar\u00e3o a morte e n\u00e3o a achar\u00e3o; tamb\u00e9m ter\u00e3o ardente desejo de morrer, mas a morte foge deles\u201d (9.6). \u00c9 um po\u00e7o de contradi\u00e7\u00e3o: quando n\u00e3o se quer a morte por perto, ela se aproxima; quando n\u00e3o se quer a morte \u00e0 dist\u00e2ncia, ela se afasta. \u00c9 a vontade de morrer que estimula a eutan\u00e1sia. Por causa de uma doen\u00e7a prolongada, de um esc\u00e2ndalo que vem \u00e0 tona, de uma humilha\u00e7\u00e3o insuport\u00e1vel, do t\u00e9dio em sua forma mais aguda, da perda de um ente muito querido, da aus\u00eancia de paz interior e de paz com Deus ou por causa de uma crise emocional de fundo doentio. Ora, a eutan\u00e1sia nada mais \u00e9 do que ir ao encontro da morte. Exatamente nessa hora, nesse estado de esp\u00edrito e nessa circunst\u00e2ncia \u2013 a morte foge.<\/p>\n<p><strong>A morte morre<br \/>\n<\/strong>Quem disse que a morte \u00e9 campe\u00e3 invicta? Ela \u00e9 apenas a vencedora de muitas batalhas, de Ad\u00e3o at\u00e9 Mois\u00e9s (Rm 5.14), de Mois\u00e9s at\u00e9 Paulo, de Paulo at\u00e9 Agostinho, de Agostinho at\u00e9 Lutero, de Lutero at\u00e9 Wesley, de Wesley at\u00e9 os dias de hoje, de hoje at\u00e9 amanh\u00e3, mas n\u00e3o de amanh\u00e3 at\u00e9 depois de amanh\u00e3. Depois de amanh\u00e3, \u201cao ressoar da \u00faltima trombeta\u201d, a morte vai morrer. \u00c9 verdade. Est\u00e1 escrito. Est\u00e1 prometido. Est\u00e1 garantido. Aquela p\u00e1lida e distante promessa contida nas profecias de Isa\u00edas vai transbordar: \u201cTragar\u00e1 a morte para sempre, e assim enxugar\u00e1 o Senhor Deus as l\u00e1grimas de todos os rostos\u201d (Is 25.8).<\/p>\n<p>Aquela perguntinha maldosa, arrogante, destemida que aparece na profecia de Oseias vai se transformar num grito de liberta\u00e7\u00e3o: \u201cOnde est\u00e3o, \u00f3 morte, as tuas pragas?\u201d (Os 13.14). Paulo foi muito feliz ao colocar lado a lado o texto de Isa\u00edas e o texto de Oseias, como se v\u00ea no mais famoso cap\u00edtulo da B\u00edblia sobre a morte da morte: \u201cQuando este corpo corrupt\u00edvel se revestir de incorruptibilidade, e o que \u00e9 mortal se revestir da imortalidade, ent\u00e3o se cumprir\u00e1 a palavra que est\u00e1 escrita: Tragada foi a morte pela vit\u00f3ria. Onde est\u00e1, \u00f3 morte, a tua vit\u00f3ria? Onde est\u00e1, \u00f3 morte, o teu aguilh\u00e3o?\u201d (1Co 15.54-55).<\/p>\n<p>Se G\u00eanesis termina com um \u201ccaix\u00e3o no Egito\u201d, a B\u00edblia inteira termina com a vit\u00f3ria de Jesus sobre a vit\u00f3ria da morte. Essa vit\u00f3ria precisa ser enxergada desde hoje. Enxergada e antegozada!<\/p>\n<p>&nbsp;<\/p>\n<pre>Publicado originalmente na se\u00e7\u00e3o \u201cAbertura\u201d da <a href=\"https:\/\/www.ultimato.com.br\/revista\/383\" target=\"_blank\" rel=\"noopener\">edi\u00e7\u00e3o 383<\/a> (Maio-Junho 2020) de <strong>Ultimato<\/strong>.<\/pre>\n<p>&nbsp;<\/p>\n<p><a href=\"https:\/\/ultimato.com.br\/sites\/elbencesar\/files\/2021\/08\/Capa_19x25cm.jpg\"><img loading=\"lazy\" decoding=\"async\" class=\"alignright  wp-image-2865\" src=\"https:\/\/ultimato.com.br\/sites\/elbencesar\/files\/2021\/08\/Capa_19x25cm-231x300.jpg\" alt=\"\" width=\"170\" height=\"221\" \/><\/a><\/p>\n<p>&nbsp;<\/p>\n<blockquote><p><a href=\"https:\/\/www.ultimato.com.br\/revista\/391\" target=\"_blank\" rel=\"noopener\">A edi\u00e7\u00e3o de Setembro\/Outubro<\/a> \u00e9 uma conversa sobre a morte e quem somos n\u00f3s diante dela. Como disse Salom\u00e3o, h\u00e1 mais sabedoria na casa onde h\u00e1 luto do que na casa onde h\u00e1 festa. No final das contas, falar sobre a morte \u00e9 ensino para a vida, sobre si, sobre Deus.<\/p><\/blockquote>\n","protected":false},"excerpt":{"rendered":"<p>Por Elben C\u00e9sar \u201cA morte subiu pelas nossas janelas, e entrou em nossos pal\u00e1cios; exterminou das ruas as crian\u00e7as, e os jovens das pra\u00e7as\u201d (Jr 9.21) A morte persegue A morte n\u00e3o tem sentimentos. \u00c9 cruel. Ela vai atr\u00e1s dos rec\u00e9m-nascidos, das crian\u00e7as, dos jovens, dos adultos e dos velhos. Penetra nas favelas e nos [&hellip;]<\/p>\n","protected":false},"author":21,"featured_media":0,"comment_status":"open","ping_status":"open","sticky":false,"template":"","format":"standard","meta":{"ngg_post_thumbnail":0,"footnotes":""},"categories":[116],"tags":[44831,161,5953],"class_list":["post-2864","post","type-post","status-publish","format-standard","hentry","category-blog","tag-edicao-391","tag-morte","tag-revista-ultimato"],"_links":{"self":[{"href":"https:\/\/ultimato.com.br\/sites\/elbencesar\/wp-json\/wp\/v2\/posts\/2864","targetHints":{"allow":["GET"]}}],"collection":[{"href":"https:\/\/ultimato.com.br\/sites\/elbencesar\/wp-json\/wp\/v2\/posts"}],"about":[{"href":"https:\/\/ultimato.com.br\/sites\/elbencesar\/wp-json\/wp\/v2\/types\/post"}],"author":[{"embeddable":true,"href":"https:\/\/ultimato.com.br\/sites\/elbencesar\/wp-json\/wp\/v2\/users\/21"}],"replies":[{"embeddable":true,"href":"https:\/\/ultimato.com.br\/sites\/elbencesar\/wp-json\/wp\/v2\/comments?post=2864"}],"version-history":[{"count":8,"href":"https:\/\/ultimato.com.br\/sites\/elbencesar\/wp-json\/wp\/v2\/posts\/2864\/revisions"}],"predecessor-version":[{"id":2879,"href":"https:\/\/ultimato.com.br\/sites\/elbencesar\/wp-json\/wp\/v2\/posts\/2864\/revisions\/2879"}],"wp:attachment":[{"href":"https:\/\/ultimato.com.br\/sites\/elbencesar\/wp-json\/wp\/v2\/media?parent=2864"}],"wp:term":[{"taxonomy":"category","embeddable":true,"href":"https:\/\/ultimato.com.br\/sites\/elbencesar\/wp-json\/wp\/v2\/categories?post=2864"},{"taxonomy":"post_tag","embeddable":true,"href":"https:\/\/ultimato.com.br\/sites\/elbencesar\/wp-json\/wp\/v2\/tags?post=2864"}],"curies":[{"name":"wp","href":"https:\/\/api.w.org\/{rel}","templated":true}]}}