{"id":2787,"date":"2021-07-02T00:30:18","date_gmt":"2021-07-02T03:30:18","guid":{"rendered":"https:\/\/ultimato.com.br\/sites\/elbencesar\/?p=2787"},"modified":"2021-07-12T11:30:54","modified_gmt":"2021-07-12T14:30:54","slug":"o-profeta-de-deus-nao-recebe-ordens","status":"publish","type":"post","link":"https:\/\/ultimato.com.br\/sites\/elbencesar\/2021\/07\/02\/o-profeta-de-deus-nao-recebe-ordens\/","title":{"rendered":"O profeta de Deus n\u00e3o recebe ordens"},"content":{"rendered":"<blockquote><p><strong>O que Miqueias diria?<\/strong><\/p><\/blockquote>\n<p>&nbsp;<\/p>\n<p><em><a href=\"https:\/\/ultimato.com.br\/sites\/elbencesar\/files\/2021\/06\/Miqueias.jpg\"><img loading=\"lazy\" decoding=\"async\" class=\"aligncenter wp-image-2788 \" title=\"Ilustra\u00e7\u00e3o de Annie Valloton. Sociedade B\u00edblica Americana, 1976, 1992. Usada com permiss\u00e3o.\" src=\"https:\/\/ultimato.com.br\/sites\/elbencesar\/files\/2021\/06\/Miqueias.jpg\" alt=\"\" width=\"578\" height=\"303\" srcset=\"https:\/\/ultimato.com.br\/sites\/elbencesar\/files\/2021\/06\/Miqueias.jpg 700w, https:\/\/ultimato.com.br\/sites\/elbencesar\/files\/2021\/06\/Miqueias-300x157.jpg 300w\" sizes=\"auto, (max-width: 578px) 100vw, 578px\" \/><\/a><\/em><\/p>\n<p>&nbsp;<\/p>\n<p><em>N\u00e3o preguem acerca dessas coisas; a desgra\u00e7a n\u00e3o nos alcan\u00e7ar\u00e1 (Mq 2.6)<\/em><\/p>\n<p>O compromisso do verdadeiro profeta \u00e9 com Deus. Ele n\u00e3o est\u00e1 a servi\u00e7o do rei, das estruturas do poder secular nem do poder religioso. O dever do profeta \u00e9 pregar o que o povo precisa ouvir e n\u00e3o o que o povo quer ouvir.<\/p>\n<p>Nada impede que a mensagem do profeta seja consoladora e encorajadora, mas a miss\u00e3o principal do profeta \u00e9 p\u00f4r a m\u00e3o na ferida, \u00e9 mostrar onde est\u00e1 o cancro, \u00e9 apontar o pecado, seja qual for e de quem for. Pode ser o pecado da na\u00e7\u00e3o eleita ou o pecado das na\u00e7\u00f5es estrangeiras. Pode ser o pecado coletivo ou o pecado individual. Pode ser o pecado do momento ou o pecado recente ou o pecado antigo que ainda sobrevive e causa estragos. Pode ser o pecado do governo ou o pecado do clero. Pode ser o pecado de outro profeta.<\/p>\n<p>Os profetas da parte de Deus n\u00e3o recebem ordens do tipo: \u201cN\u00e3o preguem acerca dessas coisas\u201d (Mq 2.6). Eles se obrigam a falar \u201cde acordo com os or\u00e1culos [ordena\u00e7\u00f5es] de Deus\u201d (1 Pe 4.11, ARA). \u00c9 por esta raz\u00e3o que o livro de Miqu\u00e9ias come\u00e7a com esta introdu\u00e7\u00e3o: \u201cA palavra do Senhor que veio a Miqu\u00e9ias (Mq 1.1).<\/p>\n<p><em>N\u00e3o vou pedir que algu\u00e9m pregue a meu favor, mas que pregue contra meus pecados e minha loucura!<\/em><\/p>\n<p><iframe loading=\"lazy\" src=\"https:\/\/open.spotify.com\/embed\/episode\/0t0uM4fAgBrGTGsr5ycpOs\" width=\"100%\" height=\"152\" frameborder=\"0\"><\/iframe><\/p>\n<p><a href=\"https:\/\/ultimato.com.br\/sites\/elbencesar\/files\/2021\/06\/capa_ULT390.jpg\"><img loading=\"lazy\" decoding=\"async\" class=\"alignright wp-image-2750\" src=\"https:\/\/ultimato.com.br\/sites\/elbencesar\/files\/2021\/06\/capa_ULT390-228x300.jpg\" alt=\"\" width=\"165\" height=\"217\" srcset=\"https:\/\/ultimato.com.br\/sites\/elbencesar\/files\/2021\/06\/capa_ULT390-228x300.jpg 228w, https:\/\/ultimato.com.br\/sites\/elbencesar\/files\/2021\/06\/capa_ULT390.jpg 300w\" sizes=\"auto, (max-width: 165px) 100vw, 165px\" \/><\/a><\/p>\n<p>&nbsp;<\/p>\n<blockquote><p>A <a href=\"https:\/\/www.ultimato.com.br\/revista\/390\" target=\"_blank\" rel=\"noopener\">edi\u00e7\u00e3o de julho\/agosto da revista Ultimato<\/a> quer abrir os pr\u00f3prios ouvidos e os olhos para ouvir e enxergar melhor o que Deus \u201crequer de n\u00f3s\u201d. Quer ajudar a igreja brasileira a ouvir \u201ctodo o conselho de Deus\u201d, a responder \u00e0s muitas perguntas que nos s\u00e3o feitas diariamente e atuar nos diferentes campos da cultura. Espalhe essa boa not\u00edcia.<\/p><\/blockquote>\n","protected":false},"excerpt":{"rendered":"<p>O que Miqueias diria? &nbsp; &nbsp; N\u00e3o preguem acerca dessas coisas; a desgra\u00e7a n\u00e3o nos alcan\u00e7ar\u00e1 (Mq 2.6) O compromisso do verdadeiro profeta \u00e9 com Deus. Ele n\u00e3o est\u00e1 a servi\u00e7o do rei, das estruturas do poder secular nem do poder religioso. O dever do profeta \u00e9 pregar o que o povo precisa ouvir e [&hellip;]<\/p>\n","protected":false},"author":21,"featured_media":0,"comment_status":"open","ping_status":"open","sticky":false,"template":"","format":"standard","meta":{"ngg_post_thumbnail":0,"footnotes":""},"categories":[116,32193],"tags":[44824,10420,5953],"class_list":["post-2787","post","type-post","status-publish","format-standard","hentry","category-blog","category-o-que-disseram","tag-o-que-os-profetas-diriam","tag-profetas","tag-revista-ultimato"],"_links":{"self":[{"href":"https:\/\/ultimato.com.br\/sites\/elbencesar\/wp-json\/wp\/v2\/posts\/2787","targetHints":{"allow":["GET"]}}],"collection":[{"href":"https:\/\/ultimato.com.br\/sites\/elbencesar\/wp-json\/wp\/v2\/posts"}],"about":[{"href":"https:\/\/ultimato.com.br\/sites\/elbencesar\/wp-json\/wp\/v2\/types\/post"}],"author":[{"embeddable":true,"href":"https:\/\/ultimato.com.br\/sites\/elbencesar\/wp-json\/wp\/v2\/users\/21"}],"replies":[{"embeddable":true,"href":"https:\/\/ultimato.com.br\/sites\/elbencesar\/wp-json\/wp\/v2\/comments?post=2787"}],"version-history":[{"count":5,"href":"https:\/\/ultimato.com.br\/sites\/elbencesar\/wp-json\/wp\/v2\/posts\/2787\/revisions"}],"predecessor-version":[{"id":2845,"href":"https:\/\/ultimato.com.br\/sites\/elbencesar\/wp-json\/wp\/v2\/posts\/2787\/revisions\/2845"}],"wp:attachment":[{"href":"https:\/\/ultimato.com.br\/sites\/elbencesar\/wp-json\/wp\/v2\/media?parent=2787"}],"wp:term":[{"taxonomy":"category","embeddable":true,"href":"https:\/\/ultimato.com.br\/sites\/elbencesar\/wp-json\/wp\/v2\/categories?post=2787"},{"taxonomy":"post_tag","embeddable":true,"href":"https:\/\/ultimato.com.br\/sites\/elbencesar\/wp-json\/wp\/v2\/tags?post=2787"}],"curies":[{"name":"wp","href":"https:\/\/api.w.org\/{rel}","templated":true}]}}